{"id":152043,"date":"2024-06-29T16:52:10","date_gmt":"2024-06-29T16:52:10","guid":{"rendered":"https:\/\/cordoba.gob.ar\/?p=59117"},"modified":"2024-06-29T16:52:10","modified_gmt":"2024-06-29T16:52:10","slug":"con-mas-de-600-inscriptos-passerini-inauguro-la-diplomatura-de-la-salud-mental-y-abordaje-del-consumo-problematico","status":"publish","type":"post","link":"http:\/\/cordobadirecto.com\/index.php\/2024\/06\/29\/con-mas-de-600-inscriptos-passerini-inauguro-la-diplomatura-de-la-salud-mental-y-abordaje-del-consumo-problematico\/","title":{"rendered":"Con m\u00e1s de 600 inscriptos, Passerini inaugur\u00f3 la diplomatura de la salud mental y abordaje del consumo problem\u00e1tico"},"content":{"rendered":"<div><img src=\"http:\/\/cordobadirecto.com\/wp-content\/uploads\/2024\/06\/con-mas-de-600-inscriptos-passerini-inauguro-la-diplomatura-de-la-salud-mental-y-abordaje-del-consumo-problematico.jpg\" class=\"ff-og-image-inserted\"><\/div>\n<ul class=\"ak-ul\">\n<li><strong>Forma parte de una de las actividades conjuntas de car\u00e1cter formativo, efectuada a trav\u00e9s de un convenio rubricado con diferentes facultades de la UNC a mediados del presente mes.<\/strong><\/li>\n<li><strong>Adem\u00e1s, se dictar\u00e1 la diplomatura en \u00abIntroducci\u00f3n al Trabajo Territorial de Promotores para la Prevenci\u00f3n de la Salud Mental y el consumo problem\u00e1tico\u201d y la capacitaci\u00f3n \u00abLineamientos para el abordaje y la Integraci\u00f3n en Salud Mental y Adicciones\u201d, destinada a agentes de salud.<\/strong><\/li>\n<\/ul>\n<hr>\n<p>El intendente Daniel Passerini dio inicio a diplomatura sobre \u201cEstrategias y herramientas para el abordaje integral de la salud mental y los consumos problem\u00e1ticos\u201d, que tuvo 633 inscriptos.<\/p>\n<p>Se trata de la primera actividad conjunta con las facultades de Ciencias Sociales, Psicolog\u00eda y Ciencias M\u00e9dicas de la Universidad Nacional de C\u00f3rdoba, con quienes la Municipalidad firm\u00f3 un convenio para realizar actividades de car\u00e1cter formativo a nivel grado, posgrado y extensi\u00f3n certificadas.<\/p>\n<p>En esta formaci\u00f3n acad\u00e9mica, gratuita, interdisciplinaria e intersectorial, participan agentes que trabajan en las organizaciones que conforman el COPIPRED y\/o especialistas que desarrollan su pr\u00e1ctica en el campo de la salud mental y los consumos problem\u00e1ticos.<\/p>\n<p>Passerini destac\u00f3: \u201c<em>Esta diplomatura es solo una parte de muchas acciones que llevamos adelante, en las que decidimos que el Estado presente y la comunidad organizada deben ser los pilares de la respuesta que hoy necesita nuestra comunidad<\/em>\u201d.<\/p>\n<p>\u201c<em>La forma de acercar soluciones es integrarnos y sumar esfuerzos para afrontar un problema cada vez m\u00e1s complejo que requiere de una enorme participaci\u00f3n y un fuerte compromiso de parte del Estado<\/em>\u201d, cerr\u00f3 el jefe comunal.<\/p>\n<p>El docente Alfredo Juan Manuel Carballeda fue quien estuvo invitado en la primer clase, quien disert\u00f3 sobre \u201cPol\u00edticas p\u00fablicas en salud mental y adicciones: historizaci\u00f3n y legislaci\u00f3n\u201d.<\/p>\n<p>Estuvieron presentes adem\u00e1s en la primer jornada el subsecretario de Salud Mental y Adicciones, Lucas Torrice; la decana de la Facultad de Ciencias Sociales, Mar\u00eda In\u00e9s Peralta; Gerardo Pereno; decano de Psicolog\u00eda, y el de Ciencias M\u00e9dicas, Rogelio Pizzi.<\/p>\n<p>\u201c<em>La salud mental necesita nuevas respuestas y nuevas pol\u00edticas. Es una problem\u00e1tica creciente y venimos intentando poner en agenda la construcci\u00f3n de pol\u00edticas que hacen falta<\/em>\u201d, resalt\u00f3 Torrice.<\/p>\n<p>\u201c<em>El intendente nos pide conectar, integrar y humanizar y en el campo de la salud mental esto se representa como en pocos otros. Por eso, proponemos este espacio de formaci\u00f3n, discusi\u00f3n, encuentro, debate y de construcci\u00f3n de nuevas herramientas<\/em>\u201d, concluy\u00f3 Torrice.<\/p>\n<p>A lo largo de las formaciones, las tres facultades dar\u00e1n una mirada interdisciplinaria en la construcci\u00f3n de herramientas metodol\u00f3gicas y epistemol\u00f3gicas para el abordaje y el acompa\u00f1amiento en este campo.<\/p>\n<p>Al respecto, la decana de la Facultad de Ciencias Sociales, Mar\u00eda In\u00e9s Peralta, resalt\u00f3 \u201cE<em>l trabajo de la salud mental, el trabajo de la prevenci\u00f3n en territorio requiere de todos y todas, docentes de diferentes campos, centros vecinales, autoridades. De eso se trata la idea de integralidad que b\u00e1sicamente deviene de repensar cada campo de pol\u00edtica sectorial en un enfoque de derechos<\/em>\u201d.<\/p>\n<p>A su vez, Rogelio Pizzi, decano de la Facultad de Ciencias M\u00e9dicas, expres\u00f3: \u201c<em>Como universitarios, tenemos la responsabilidad de estar ac\u00e1, de identificar los problemas y de trabajar en conjunto para brindar respuestas a la sociedad. El trabajo interdisciplinar se ve reflejado en esta mesa. Qui\u00e9n mejor que las organizaciones territoriales, que conocen a los diferentes sectores, para darles respuestas, y nosotros brindar esas herramientas para hacerlo posible<\/em>\u201d.<\/p>\n<p>\u00ab<em>A partir de la pandemia la salud mental se puso de moda de alguna manera y desde nuestro lugar tenemos que dar respuestas. Celebro esta iniciativa porque hoy dos instituciones p\u00fablicas, universidad y municipalidad pueden dar respuesta a una demanda que la sociedad tiene. Ojal\u00e1 esta iniciativa se replique y sirva para seguir defendiendo la tan maltratada ley de salud mental<\/em>\u00ab, manifest\u00f3 Gerardo Pereno; decano de Psicolog\u00eda.<\/p>\n<p>Pr\u00f3ximamente, durante los meses de agosto y setiembre se dictar\u00e1n otras dos instrucciones.<\/p>\n<p>Una es la diplomatura en \u00abIntroducci\u00f3n al Trabajo Territorial de Promotores para la Prevenci\u00f3n de la Salud Mental y el consumo problem\u00e1tico\u00bb, destinada principalmente a operadores territoriales, no profesionales en salud, pero s\u00ed abocados a esta problem\u00e1tica.<\/p>\n<p>Esta capacitaci\u00f3n se realizar\u00e1 en dos instancias buscando capacitar a los promotores en las mejores pr\u00e1cticas para prevenir y abordar el consumo problem\u00e1tico de sustancias.<\/p>\n<p>Contar\u00e1 con talleres sobre dise\u00f1o y evaluaci\u00f3n de programas, an\u00e1lisis de estudios de caso y elaboraci\u00f3n de informes de evaluaci\u00f3n.<\/p>\n<p>Otra de las formaciones es la de \u00abLineamientos para el abordaje y la Integraci\u00f3n en Salud Mental y Adicciones\u201d, destinada a Agentes de Salud.<\/p>\n<p>Todas las instrucciones est\u00e1n destinadas al personal y a profesionales Municipales, estudiantes, profesionales de las diferentes facultades y a la comunidad en general. Quienes est\u00e9n interesados en participar, podr\u00e1n escribir a <a href=\"mailto:subsecretariasaludmentalyadicciones@cordoba.gov.ar\">subsecretariasaludmentalyadicciones@cordoba.gov.ar<\/a><\/p>\n<p>La actividad form\u00f3 parte de la Semana de Prevenci\u00f3n en las Adicciones, que comenz\u00f3 el pasado lunes 24 con la \u201cExpo C\u00f3rdoba Previene\u201d en su tercera edici\u00f3n, con m\u00e1s de 50 instituciones que expusieron sus trabajos en la Plaza San Mart\u00edn y que culminar\u00e1 el pr\u00f3ximo domingo. con el Festival Pasan Cosas Lindas en barrio M\u00fcller, desde las 13, con una locreada con la actuaci\u00f3n del D\u00fao Coplanacu entre otros artistas.<\/p>\n","protected":false},"excerpt":{"rendered":"<p>Forma parte de una de las actividades conjuntas de car\u00e1cter formativo, efectuada a trav\u00e9s de un convenio rubricado con diferentes facultades de la UNC a mediados del presente mes. Adem\u00e1s, se dictar\u00e1 la diplomatura en \u00abIntroducci\u00f3n al Trabajo Territorial de Promotores para la Prevenci\u00f3n de la Salud Mental y el consumo problem\u00e1tico\u201d y la capacitaci\u00f3n [&hellip;]<\/p>\n","protected":false},"author":1,"featured_media":152044,"comment_status":"closed","ping_status":"closed","sticky":false,"template":"","format":"standard","meta":[],"categories":[44],"tags":[],"_links":{"self":[{"href":"http:\/\/cordobadirecto.com\/index.php\/wp-json\/wp\/v2\/posts\/152043"}],"collection":[{"href":"http:\/\/cordobadirecto.com\/index.php\/wp-json\/wp\/v2\/posts"}],"about":[{"href":"http:\/\/cordobadirecto.com\/index.php\/wp-json\/wp\/v2\/types\/post"}],"author":[{"embeddable":true,"href":"http:\/\/cordobadirecto.com\/index.php\/wp-json\/wp\/v2\/users\/1"}],"replies":[{"embeddable":true,"href":"http:\/\/cordobadirecto.com\/index.php\/wp-json\/wp\/v2\/comments?post=152043"}],"version-history":[{"count":0,"href":"http:\/\/cordobadirecto.com\/index.php\/wp-json\/wp\/v2\/posts\/152043\/revisions"}],"wp:featuredmedia":[{"embeddable":true,"href":"http:\/\/cordobadirecto.com\/index.php\/wp-json\/wp\/v2\/media\/152044"}],"wp:attachment":[{"href":"http:\/\/cordobadirecto.com\/index.php\/wp-json\/wp\/v2\/media?parent=152043"}],"wp:term":[{"taxonomy":"category","embeddable":true,"href":"http:\/\/cordobadirecto.com\/index.php\/wp-json\/wp\/v2\/categories?post=152043"},{"taxonomy":"post_tag","embeddable":true,"href":"http:\/\/cordobadirecto.com\/index.php\/wp-json\/wp\/v2\/tags?post=152043"}],"curies":[{"name":"wp","href":"https:\/\/api.w.org\/{rel}","templated":true}]}}