{"id":152048,"date":"2024-06-30T14:20:25","date_gmt":"2024-06-30T14:20:25","guid":{"rendered":"https:\/\/cordoba.gob.ar\/?p=59116"},"modified":"2024-06-30T14:20:25","modified_gmt":"2024-06-30T14:20:25","slug":"continuan-los-domingos-a-puro-cine-en-la-piojera","status":"publish","type":"post","link":"http:\/\/cordobadirecto.com\/index.php\/2024\/06\/30\/continuan-los-domingos-a-puro-cine-en-la-piojera\/","title":{"rendered":"Contin\u00faan los domingos a puro cine en La Piojera"},"content":{"rendered":"<div><img src=\"http:\/\/cordobadirecto.com\/wp-content\/uploads\/2024\/07\/continuan-los-domingos-a-puro-cine-en-la-piojera.jpg\" class=\"ff-og-image-inserted\"><\/div>\n<ul>\n<li><strong>A las 17:00 se proyecta un film de animaci\u00f3n para p\u00fablico infantil: \u201cEl ni\u00f1o y el mundo\u201d.<\/strong><\/li>\n<li><strong><strong>Y para los aficionados de la ciencia ficci\u00f3n, desde las 19 horas se podr\u00e1 ver \u201cHigh Life\u201d.<\/strong><\/strong><br \/>\n<hr>\n<\/li>\n<\/ul>\n<p>El Centro Cultural La Piojera invita a disfrutar de sus cl\u00e1sicos ciclos de cine para las infancias y p\u00fablico en general, ubicado en Av. Col\u00f3n 1559 en pleno coraz\u00f3n de barrio Alberdi.<\/p>\n<p>A partir de las 17 horas, en el marco del ciclo \u201cPiojites al Poder\u201d, se proyectar\u00e1 \u201cEn ni\u00f1o y el mundo\u201d una obra animada brasile\u00f1a del a\u00f1o 2013 que fue escrita y dirigida por Al\u00ea Abreu.<\/p>\n<p>Una conmovedora historia de un ni\u00f1o peque\u00f1o tratando de reunir a su familia. Est\u00e1 llena de alegr\u00eda y tristeza, belleza y horror, asombro y dolor. Es el mundo visto a trav\u00e9s de los ojos de un ni\u00f1o.<\/p>\n<p>La m\u00fasica combina varios estilos, desde la samba al hip-hop, en un paisaje sonoro brillantemente dise\u00f1ado que acompa\u00f1a perfectamente con las im\u00e1genes incre\u00edblemente expresivas.<\/p>\n<p>Por otra parte, desde las las 19 horas, ser\u00e1 el turno de \u201cHigh Life\u201d una pel\u00edcula de ciencia ficci\u00f3n del a\u00f1o 2018 escrita y dirigida por la directora francesa Claire Denis, y protagonizada por Juliette Binoche y Robert Pattinson.<\/p>\n<p>En el espacio profundo, Monte y su hija Willow viven completamente aislados a bordo de una nave espacial.<\/p>\n<p>\u201cHigh Life\u201d es una pel\u00edcula que invita a la reflexi\u00f3n profunda e inquietante sobre la compasi\u00f3n humana y la p\u00e9rdida de nuestra trascendencia.<\/p>\n","protected":false},"excerpt":{"rendered":"<p>A las 17:00 se proyecta un film de animaci\u00f3n para p\u00fablico infantil: \u201cEl ni\u00f1o y el mundo\u201d. Y para los aficionados de la ciencia ficci\u00f3n, desde las 19 horas se podr\u00e1 ver \u201cHigh Life\u201d. El Centro Cultural La Piojera invita a disfrutar de sus cl\u00e1sicos ciclos de cine para las infancias y p\u00fablico en general, [&hellip;]<\/p>\n","protected":false},"author":1,"featured_media":152049,"comment_status":"closed","ping_status":"closed","sticky":false,"template":"","format":"standard","meta":[],"categories":[44],"tags":[],"_links":{"self":[{"href":"http:\/\/cordobadirecto.com\/index.php\/wp-json\/wp\/v2\/posts\/152048"}],"collection":[{"href":"http:\/\/cordobadirecto.com\/index.php\/wp-json\/wp\/v2\/posts"}],"about":[{"href":"http:\/\/cordobadirecto.com\/index.php\/wp-json\/wp\/v2\/types\/post"}],"author":[{"embeddable":true,"href":"http:\/\/cordobadirecto.com\/index.php\/wp-json\/wp\/v2\/users\/1"}],"replies":[{"embeddable":true,"href":"http:\/\/cordobadirecto.com\/index.php\/wp-json\/wp\/v2\/comments?post=152048"}],"version-history":[{"count":0,"href":"http:\/\/cordobadirecto.com\/index.php\/wp-json\/wp\/v2\/posts\/152048\/revisions"}],"wp:featuredmedia":[{"embeddable":true,"href":"http:\/\/cordobadirecto.com\/index.php\/wp-json\/wp\/v2\/media\/152049"}],"wp:attachment":[{"href":"http:\/\/cordobadirecto.com\/index.php\/wp-json\/wp\/v2\/media?parent=152048"}],"wp:term":[{"taxonomy":"category","embeddable":true,"href":"http:\/\/cordobadirecto.com\/index.php\/wp-json\/wp\/v2\/categories?post=152048"},{"taxonomy":"post_tag","embeddable":true,"href":"http:\/\/cordobadirecto.com\/index.php\/wp-json\/wp\/v2\/tags?post=152048"}],"curies":[{"name":"wp","href":"https:\/\/api.w.org\/{rel}","templated":true}]}}