{"id":152050,"date":"2024-06-29T16:47:38","date_gmt":"2024-06-29T16:47:38","guid":{"rendered":"https:\/\/cordoba.gob.ar\/?p=59144"},"modified":"2024-06-29T16:47:38","modified_gmt":"2024-06-29T16:47:38","slug":"el-intendente-passerini-diserto-en-el-x-congreso-de-medicina-interna","status":"publish","type":"post","link":"http:\/\/cordobadirecto.com\/index.php\/2024\/06\/29\/el-intendente-passerini-diserto-en-el-x-congreso-de-medicina-interna\/","title":{"rendered":"El intendente Passerini disert\u00f3 en el X Congreso de Medicina Interna"},"content":{"rendered":"<div><img src=\"http:\/\/cordobadirecto.com\/wp-content\/uploads\/2024\/07\/el-intendente-passerini-diserto-en-el-x-congreso-de-medicina-interna.jpg\" class=\"ff-og-image-inserted\"><\/div>\n<ul>\n<li><strong><strong>El mandatario expuso sobre el sistema de salud y la sociedad de La Docta, desde la reforma de 1918 hasta la actualidad.<\/strong><\/strong><br \/>\n<hr>\n<\/li>\n<\/ul>\n<p>El intendente Daniel Passerini particip\u00f3 del X Congreso de Medicina Interna, \u201cMedicina 360\u00b0\u201d que organiz\u00f3 la Sociedad de Medicina Interna C\u00f3rdoba el 27 y 28 de junio en el Hotel Quinto Centenario de nuestra ciudad.<\/p>\n<p>A lo largo de dos jornadas, diferentes especialistas expusieron sobre actualizaciones profesionales y los nuevos avances en medicina.<\/p>\n<p>En ese contexto, el mandatario municipal present\u00f3 la disertaci\u00f3n: \u201cHistoria Cl\u00ednica de C\u00f3rdoba, desde la reforma del 18, el Cordobazo del 69, la dictadura del 76, la democracia del 83, hasta hoy 2024\u201d.<\/p>\n<p>Passerini relat\u00f3 la realidad pol\u00edtica y social de hechos trascendentales de los \u00faltimos 100 a\u00f1os, para caracterizar su implicancia e impacto en el sistema de salud y en los ciudadanos de C\u00f3rdoba Capital.<\/p>\n<p>El intendente explic\u00f3 las medidas tomadas en diferentes momentos hist\u00f3ricos para afrontar epidemias y traz\u00f3 las complejidades actuales ante el crecimiento de movimientos antivacuna y el cese de fondos nacionales para que los municipios fortalezcan los sistemas de salud.<\/p>\n<p>Resalt\u00f3 la repercusi\u00f3n de la pandemia de Covid-19 en la salud mental y en el incremento del consumo problem\u00e1tico de sustancias, a la vez que diagram\u00f3 las acciones que lleva adelante el municipio para brindar asistencia, cuidado y prevenci\u00f3n.<\/p>\n<p>Al finalizar, el intendente respondi\u00f3 preguntas del p\u00fablico.<\/p>\n<p>Estuvo acompa\u00f1ado del reconocido m\u00e9dico geront\u00f3logo, Carlos Presman.<\/p>\n<p>Durante la \u00faltima d\u00e9cada, la Sociedad de Medicina Interna de C\u00f3rdoba ha organizado este importante encuentro acad\u00e9mico, con el compromiso de brindar formaci\u00f3n cient\u00edfica y generar un espacio para la divulgaci\u00f3n de los \u00faltimos avances de la especialidad, tanto a sus socios como a otros profesionales vinculados a esta \u00e1rea de la medicina.<\/p>\n<p>Este 10\u00b0 aniversario, cont\u00f3 con la participaci\u00f3n de destacados disertantes nacionales.<\/p>\n","protected":false},"excerpt":{"rendered":"<p>El mandatario expuso sobre el sistema de salud y la sociedad de La Docta, desde la reforma de 1918 hasta la actualidad. El intendente Daniel Passerini particip\u00f3 del X Congreso de Medicina Interna, \u201cMedicina 360\u00b0\u201d que organiz\u00f3 la Sociedad de Medicina Interna C\u00f3rdoba el 27 y 28 de junio en el Hotel Quinto Centenario de [&hellip;]<\/p>\n","protected":false},"author":1,"featured_media":152051,"comment_status":"closed","ping_status":"closed","sticky":false,"template":"","format":"standard","meta":[],"categories":[44],"tags":[],"_links":{"self":[{"href":"http:\/\/cordobadirecto.com\/index.php\/wp-json\/wp\/v2\/posts\/152050"}],"collection":[{"href":"http:\/\/cordobadirecto.com\/index.php\/wp-json\/wp\/v2\/posts"}],"about":[{"href":"http:\/\/cordobadirecto.com\/index.php\/wp-json\/wp\/v2\/types\/post"}],"author":[{"embeddable":true,"href":"http:\/\/cordobadirecto.com\/index.php\/wp-json\/wp\/v2\/users\/1"}],"replies":[{"embeddable":true,"href":"http:\/\/cordobadirecto.com\/index.php\/wp-json\/wp\/v2\/comments?post=152050"}],"version-history":[{"count":0,"href":"http:\/\/cordobadirecto.com\/index.php\/wp-json\/wp\/v2\/posts\/152050\/revisions"}],"wp:featuredmedia":[{"embeddable":true,"href":"http:\/\/cordobadirecto.com\/index.php\/wp-json\/wp\/v2\/media\/152051"}],"wp:attachment":[{"href":"http:\/\/cordobadirecto.com\/index.php\/wp-json\/wp\/v2\/media?parent=152050"}],"wp:term":[{"taxonomy":"category","embeddable":true,"href":"http:\/\/cordobadirecto.com\/index.php\/wp-json\/wp\/v2\/categories?post=152050"},{"taxonomy":"post_tag","embeddable":true,"href":"http:\/\/cordobadirecto.com\/index.php\/wp-json\/wp\/v2\/tags?post=152050"}],"curies":[{"name":"wp","href":"https:\/\/api.w.org\/{rel}","templated":true}]}}