{"id":152075,"date":"2024-06-30T19:58:26","date_gmt":"2024-06-30T19:58:26","guid":{"rendered":"https:\/\/www.ole.com.ar\/autos\/procar_0_ev5tOROjuO.html"},"modified":"2024-06-30T19:58:26","modified_gmt":"2024-06-30T19:58:26","slug":"el-tiki-perez-bravo-y-queijeiro-festejaron-en-el-regreso-del-procar-4000-al-12-de-buenos-aires","status":"publish","type":"post","link":"http:\/\/cordobadirecto.com\/index.php\/2024\/06\/30\/el-tiki-perez-bravo-y-queijeiro-festejaron-en-el-regreso-del-procar-4000-al-12-de-buenos-aires\/","title":{"rendered":"El Tiki P\u00e9rez Bravo y Queijeiro festejaron en el regreso del Procar 4000 al 12 de Buenos Aires"},"content":{"rendered":"<p><time class=\"createDate\" datetime=\"2024-06-30T16:58:26-03:00\">30\/06\/2024 19:58hs.<\/time><\/p>\n<div id=\"storyBody\">\n<div class=\"custom-text \" readability=\"35\">\n<p><strong>Con un gran marco de p\u00fablico en las tribunas, el Procar 4000 disput\u00f3 su quinta fecha de la temporada en el emblem\u00e1tico circuito N\u00b012 del aut\u00f3dromo &#8220;Oscar y Juan G\u00e1lvez&#8221; de la Ciudad de Buenos Aires.<\/strong><\/p>\n<\/div>\n<div class=\"custom-text \" readability=\"34\">\n<p>En las dos definiciones m\u00e1s importantes del fin de semana, los dos pilotos que se llevaron todo el protagonismo fueron Emmanuel P\u00e9rez Bravo y Nereo Queijeiro.<\/p>\n<\/div>\n<div class=\"custom-text \" readability=\"35\">\n<p>En lo que fue su debut en la Clase A, el &#8220;Tiki&#8221; P\u00e9rez Bravo cant\u00f3 victoria en una tremenda final que tuvo muchas idas y vueltas pero que finalmente termin\u00f3 cruzando la bandera a cuadros en el primer lugar el piloto de Huanguelen. El podio lo completaron Leo Sotro y Juan Augusto Ronconi.<\/p>\n<\/div>\n<div class=\"custom-text \" readability=\"35\">\n<p>Por otra parte, en la definici\u00f3n de la Clase B del Procar 4000, el triunfo fue para Nereo Queijeiro y sus escoltas fueron Ivan Heredia y Roque Caggiano. El ganador del Procar 2000 fue Pedro Logarzo.<\/p>\n<\/div>\n<div class=\"custom-text \" readability=\"33\">\n<p>La pr\u00f3xima fecha del Procar 4000 tendr\u00e1 lugar en el mes de agosto en el circuito N\u00b09 del Coliseo Porte\u00f1o.<\/p>\n<\/div>\n<div class=\"sc-e7b891c4-0 jPbnQF\"><img alt=\"El regreso del Procar 4000 al Coliseo Porte\u00f1o\" src=\"http:\/\/cordobadirecto.com\/wp-content\/uploads\/2024\/07\/el-tiki-perez-bravo-y-queijeiro-festejaron-en-el-regreso-del-procar-4000-al-12-de-buenos-aires.jpg\" width=\"720\" height=\"100\" decoding=\"async\" data-nimg=\"future\" loading=\"lazy\"><span class=\"epigraphe\">El regreso del Procar 4000 al Coliseo Porte\u00f1o<\/span><\/div>\n<\/div>\n","protected":false},"excerpt":{"rendered":"<p>30\/06\/2024 19:58hs. Con un gran marco de p\u00fablico en las tribunas, el Procar 4000 disput\u00f3 su quinta fecha de la temporada en el emblem\u00e1tico circuito N\u00b012 del aut\u00f3dromo &#8220;Oscar y Juan G\u00e1lvez&#8221; de la Ciudad de Buenos Aires. En las dos definiciones m\u00e1s importantes del fin de semana, los dos pilotos que se llevaron todo [&hellip;]<\/p>\n","protected":false},"author":1,"featured_media":152076,"comment_status":"closed","ping_status":"closed","sticky":false,"template":"","format":"standard","meta":[],"categories":[21],"tags":[],"_links":{"self":[{"href":"http:\/\/cordobadirecto.com\/index.php\/wp-json\/wp\/v2\/posts\/152075"}],"collection":[{"href":"http:\/\/cordobadirecto.com\/index.php\/wp-json\/wp\/v2\/posts"}],"about":[{"href":"http:\/\/cordobadirecto.com\/index.php\/wp-json\/wp\/v2\/types\/post"}],"author":[{"embeddable":true,"href":"http:\/\/cordobadirecto.com\/index.php\/wp-json\/wp\/v2\/users\/1"}],"replies":[{"embeddable":true,"href":"http:\/\/cordobadirecto.com\/index.php\/wp-json\/wp\/v2\/comments?post=152075"}],"version-history":[{"count":0,"href":"http:\/\/cordobadirecto.com\/index.php\/wp-json\/wp\/v2\/posts\/152075\/revisions"}],"wp:featuredmedia":[{"embeddable":true,"href":"http:\/\/cordobadirecto.com\/index.php\/wp-json\/wp\/v2\/media\/152076"}],"wp:attachment":[{"href":"http:\/\/cordobadirecto.com\/index.php\/wp-json\/wp\/v2\/media?parent=152075"}],"wp:term":[{"taxonomy":"category","embeddable":true,"href":"http:\/\/cordobadirecto.com\/index.php\/wp-json\/wp\/v2\/categories?post=152075"},{"taxonomy":"post_tag","embeddable":true,"href":"http:\/\/cordobadirecto.com\/index.php\/wp-json\/wp\/v2\/tags?post=152075"}],"curies":[{"name":"wp","href":"https:\/\/api.w.org\/{rel}","templated":true}]}}