{"id":152085,"date":"2024-07-01T10:06:51","date_gmt":"2024-07-01T10:06:51","guid":{"rendered":"https:\/\/puntoapunto.com.ar\/?p=362362"},"modified":"2024-07-01T10:06:51","modified_gmt":"2024-07-01T10:06:51","slug":"vivienda-promovida-como-es-el-regimen-que-aplica-uruguay-para-reducir-el-deficit-habitacional","status":"publish","type":"post","link":"http:\/\/cordobadirecto.com\/index.php\/2024\/07\/01\/vivienda-promovida-como-es-el-regimen-que-aplica-uruguay-para-reducir-el-deficit-habitacional\/","title":{"rendered":"Vivienda promovida: c\u00f3mo es el r\u00e9gimen que aplica Uruguay para reducir el d\u00e9ficit habitacional"},"content":{"rendered":"<div class=\"g g-36\">\n<div class=\"g-dyn a-29 c-1\"><a class=\"gofollow\" data-track=\"MjksMzYsMSw2MA==\" href=\"https:\/\/www.harmoniechateau.com.ar\/\" target=\"_blank\" rel=\"noopener\"><img src=\"http:\/\/cordobadirecto.com\/wp-content\/uploads\/2024\/07\/vivienda-promovida-como-es-el-regimen-que-aplica-uruguay-para-reducir-el-deficit-habitacional.jpg\" loading=\"lazy\"><\/a><\/div>\n<\/div>\n<p>&nbsp;\n<\/p>\n<p dir=\"ltr\">En el marco de la segunda jornada de Proyectar C\u00f3rdoba 2024, evento organizado por la C\u00e1mara Empresarial de Desarrollistas Urbanos de C\u00f3rdoba (CEDUC) y que tuvo lugar en el Centro de Convenciones los d\u00edas 26 y 27 de junio, se debati\u00f3 y reflexion\u00f3 sobre el futuro de la industria tanto a nivel nacional como internacional.\n<\/p>\n<p dir=\"ltr\">El evento recibi\u00f3 a 40 expositores entre los que se destacaron empresas l\u00edderes del mercado en diversos rubros relacionados a la construcci\u00f3n. Al respecto,&nbsp;Roque Lenti, presidente de Ceduc, expres\u00f3 que&nbsp;\u201ces necesario que el sector tenga un espacio anual en el que podamos hablar de tendencias, de proyectos, de sustentabilidad y de nuevas tecnolog\u00edas; hablar tambi\u00e9n sobre todo lo que tiene que ver con las pol\u00edticas p\u00fablicas\u201d.\n<\/p>\n<p dir=\"ltr\">En este contexto,&nbsp;Kopel S\u00e1nchez&nbsp;-empresa l\u00edder en el mercado inmobiliario uruguayo y referente en el desarrollo de viviendas bajo la Ley de Vivienda Promovida-&nbsp;disert\u00f3 sobre \u201cUruguay: Pol\u00edticas P\u00fablicas que Dinamizan el Sector Desarrollista\u201d.&nbsp;Al respecto sus fundadores, Fabi\u00e1n Kopel y Sebasti\u00e1n S\u00e1nchez, conversaron -ante el p\u00fablico asistente- sobre la situaci\u00f3n del sector en Uruguay y destacaron la importancia de la Ley de Vivienda Promovida para el pa\u00eds vecino dado que la misma&nbsp;\u201cfavoreci\u00f3 a la dinamizaci\u00f3n del sector y a todas las partes del mercado\u201d.\n<\/p>\n<p dir=\"ltr\"><img decoding=\"async\" class=\"aligncenter wp-image-362365 size-full\" src=\"http:\/\/cordobadirecto.com\/wp-content\/uploads\/2024\/07\/vivienda-promovida-como-es-el-regimen-que-aplica-uruguay-para-reducir-el-deficit-habitacional-1.jpg\" alt width=\"1000\" height=\"664\" srcset=\"http:\/\/cordobadirecto.com\/wp-content\/uploads\/2024\/07\/vivienda-promovida-como-es-el-regimen-que-aplica-uruguay-para-reducir-el-deficit-habitacional-1.jpg 1000w, http:\/\/cordobadirecto.com\/wp-content\/uploads\/2024\/07\/vivienda-promovida-como-es-el-regimen-que-aplica-uruguay-para-reducir-el-deficit-habitacional-4.jpg 300w, http:\/\/cordobadirecto.com\/wp-content\/uploads\/2024\/07\/vivienda-promovida-como-es-el-regimen-que-aplica-uruguay-para-reducir-el-deficit-habitacional-5.jpg 768w, http:\/\/cordobadirecto.com\/wp-content\/uploads\/2024\/07\/vivienda-promovida-como-es-el-regimen-que-aplica-uruguay-para-reducir-el-deficit-habitacional-6.jpg 750w\" sizes=\"(max-width: 1000px) 100vw, 1000px\" loading=\"lazy\"> <img decoding=\"async\" class=\"aligncenter wp-image-362366 size-full\" src=\"http:\/\/cordobadirecto.com\/wp-content\/uploads\/2024\/07\/vivienda-promovida-como-es-el-regimen-que-aplica-uruguay-para-reducir-el-deficit-habitacional-2.jpg\" alt width=\"992\" height=\"606\" srcset=\"http:\/\/cordobadirecto.com\/wp-content\/uploads\/2024\/07\/vivienda-promovida-como-es-el-regimen-que-aplica-uruguay-para-reducir-el-deficit-habitacional-2.jpg 992w, http:\/\/cordobadirecto.com\/wp-content\/uploads\/2024\/07\/vivienda-promovida-como-es-el-regimen-que-aplica-uruguay-para-reducir-el-deficit-habitacional-7.jpg 300w, http:\/\/cordobadirecto.com\/wp-content\/uploads\/2024\/07\/vivienda-promovida-como-es-el-regimen-que-aplica-uruguay-para-reducir-el-deficit-habitacional-8.jpg 768w, http:\/\/cordobadirecto.com\/wp-content\/uploads\/2024\/07\/vivienda-promovida-como-es-el-regimen-que-aplica-uruguay-para-reducir-el-deficit-habitacional-9.jpg 750w\" sizes=\"(max-width: 992px) 100vw, 992px\" loading=\"lazy\"><\/p>\n<p dir=\"ltr\">\u201cEl esp\u00edritu de la Ley 18.795 era construir viviendas, que no pod\u00edan realizarse desde el Estado. Por lo tanto, a trav\u00e9s de diferentes beneficios fiscales, se confi\u00f3 en su implementaci\u00f3n desde desarrolladores. Esto tuvo un efecto positivo para todas las partes dado que el Estado obtuvo las viviendas, los privados desarrollamos diversos proyectos muy importantes y las personas obtuvieron viviendas principalmente en Montevideo, en zonas con un marcado d\u00e9ficit habitacional\u201d,&nbsp;expres\u00f3&nbsp;Fabi\u00e1n Kopel, Director de Kopel S\u00e1nchez.\n<\/p>\n<p dir=\"ltr\">\u201cDesde la exoneraci\u00f3n del IVA o la renta para los desarrolladores, pasando por quita de impuestos para inversores que adquir\u00edan una unidad para alquilar, o cr\u00e9ditos para los interesados en comprar para vivienda, todo el mercado fue teniendo diversas comodidades que permitieron que hoy en d\u00eda siga siendo exitoso. Es m\u00e1s, fue tan positivo que pese a llevar m\u00e1s de una d\u00e9cada desde su implementaci\u00f3n, con cambios de Gobierno y partido pol\u00edticos en el medio, muchos de estos beneficios permanecieron y esta din\u00e1mica es un ejemplo que muchos pa\u00edses deber\u00edan imitar \u201d, ampli\u00f3&nbsp;Fabi\u00e1n Kopel.\n<\/p>\n<div class=\"g g-38\">\n<div class=\"g-dyn a-12 c-1\"><a class=\"gofollow\" data-track=\"MTIsMzgsMSw2MA==\" href=\"https:\/\/form.jotform.com\/240784464263663\" target=\"_blank\" rel=\"noopener\"><img src=\"http:\/\/cordobadirecto.com\/wp-content\/uploads\/2024\/07\/vivienda-promovida-como-es-el-regimen-que-aplica-uruguay-para-reducir-el-deficit-habitacional-3.jpg\" loading=\"lazy\"><\/a><\/div>\n<\/div>\n","protected":false},"excerpt":{"rendered":"<p>&nbsp; En el marco de la segunda jornada de Proyectar C\u00f3rdoba 2024, evento organizado por la C\u00e1mara Empresarial de Desarrollistas Urbanos de C\u00f3rdoba (CEDUC) y que tuvo lugar en el Centro de Convenciones los d\u00edas 26 y 27 de junio, se debati\u00f3 y reflexion\u00f3 sobre el futuro de la industria tanto a nivel nacional como [&hellip;]<\/p>\n","protected":false},"author":1,"featured_media":152086,"comment_status":"closed","ping_status":"closed","sticky":false,"template":"","format":"standard","meta":[],"categories":[25],"tags":[],"_links":{"self":[{"href":"http:\/\/cordobadirecto.com\/index.php\/wp-json\/wp\/v2\/posts\/152085"}],"collection":[{"href":"http:\/\/cordobadirecto.com\/index.php\/wp-json\/wp\/v2\/posts"}],"about":[{"href":"http:\/\/cordobadirecto.com\/index.php\/wp-json\/wp\/v2\/types\/post"}],"author":[{"embeddable":true,"href":"http:\/\/cordobadirecto.com\/index.php\/wp-json\/wp\/v2\/users\/1"}],"replies":[{"embeddable":true,"href":"http:\/\/cordobadirecto.com\/index.php\/wp-json\/wp\/v2\/comments?post=152085"}],"version-history":[{"count":0,"href":"http:\/\/cordobadirecto.com\/index.php\/wp-json\/wp\/v2\/posts\/152085\/revisions"}],"wp:featuredmedia":[{"embeddable":true,"href":"http:\/\/cordobadirecto.com\/index.php\/wp-json\/wp\/v2\/media\/152086"}],"wp:attachment":[{"href":"http:\/\/cordobadirecto.com\/index.php\/wp-json\/wp\/v2\/media?parent=152085"}],"wp:term":[{"taxonomy":"category","embeddable":true,"href":"http:\/\/cordobadirecto.com\/index.php\/wp-json\/wp\/v2\/categories?post=152085"},{"taxonomy":"post_tag","embeddable":true,"href":"http:\/\/cordobadirecto.com\/index.php\/wp-json\/wp\/v2\/tags?post=152085"}],"curies":[{"name":"wp","href":"https:\/\/api.w.org\/{rel}","templated":true}]}}