{"id":152109,"date":"2024-07-01T18:39:44","date_gmt":"2024-07-01T18:39:44","guid":{"rendered":"http:\/\/cordobadirecto.com\/index.php\/2024\/07\/01\/las-transferencias-que-la-nacion-le-deposita-a-cordoba-bajaron-117-la-nueva-manana\/"},"modified":"2024-07-01T18:39:44","modified_gmt":"2024-07-01T18:39:44","slug":"las-transferencias-que-la-nacion-le-deposita-a-cordoba-bajaron-117-la-nueva-manana","status":"publish","type":"post","link":"http:\/\/cordobadirecto.com\/index.php\/2024\/07\/01\/las-transferencias-que-la-nacion-le-deposita-a-cordoba-bajaron-117-la-nueva-manana\/","title":{"rendered":"Las transferencias que la Naci\u00f3n le deposita a <b>C\u00f3rdoba<\/b> bajaron 11,7% &#8211; La <b>Nueva<\/b> Ma\u00f1ana"},"content":{"rendered":"<p>Por otra parte, los ingresos por coparticipaci\u00f3n del IVA se derrumbaron desde que Milei y el ministro de <b>Econom\u00eda<\/b>, Luis Caputo, comenzaron a ejecutar&nbsp;&#8230; <\/p>\n","protected":false},"excerpt":{"rendered":"<p>Por otra parte, los ingresos por coparticipaci\u00f3n del IVA se derrumbaron desde que Milei y el ministro de Econom\u00eda, Luis Caputo, comenzaron a ejecutar&nbsp;&#8230;<\/p>\n","protected":false},"author":1,"featured_media":0,"comment_status":"closed","ping_status":"closed","sticky":false,"template":"","format":"standard","meta":[],"categories":[40],"tags":[],"_links":{"self":[{"href":"http:\/\/cordobadirecto.com\/index.php\/wp-json\/wp\/v2\/posts\/152109"}],"collection":[{"href":"http:\/\/cordobadirecto.com\/index.php\/wp-json\/wp\/v2\/posts"}],"about":[{"href":"http:\/\/cordobadirecto.com\/index.php\/wp-json\/wp\/v2\/types\/post"}],"author":[{"embeddable":true,"href":"http:\/\/cordobadirecto.com\/index.php\/wp-json\/wp\/v2\/users\/1"}],"replies":[{"embeddable":true,"href":"http:\/\/cordobadirecto.com\/index.php\/wp-json\/wp\/v2\/comments?post=152109"}],"version-history":[{"count":0,"href":"http:\/\/cordobadirecto.com\/index.php\/wp-json\/wp\/v2\/posts\/152109\/revisions"}],"wp:attachment":[{"href":"http:\/\/cordobadirecto.com\/index.php\/wp-json\/wp\/v2\/media?parent=152109"}],"wp:term":[{"taxonomy":"category","embeddable":true,"href":"http:\/\/cordobadirecto.com\/index.php\/wp-json\/wp\/v2\/categories?post=152109"},{"taxonomy":"post_tag","embeddable":true,"href":"http:\/\/cordobadirecto.com\/index.php\/wp-json\/wp\/v2\/tags?post=152109"}],"curies":[{"name":"wp","href":"https:\/\/api.w.org\/{rel}","templated":true}]}}