{"id":152176,"date":"2024-07-01T16:14:46","date_gmt":"2024-07-01T16:14:46","guid":{"rendered":"https:\/\/www.ole.com.ar\/autos\/video-colapinto-formula-1_0_sSNJWg8FQk.html"},"modified":"2024-07-01T16:14:46","modified_gmt":"2024-07-01T16:14:46","slug":"video-la-reaccion-de-colapinto-tras-enterarse-de-su-debut-en-la-formula-1","status":"publish","type":"post","link":"http:\/\/cordobadirecto.com\/index.php\/2024\/07\/01\/video-la-reaccion-de-colapinto-tras-enterarse-de-su-debut-en-la-formula-1\/","title":{"rendered":"Video: la reacci\u00f3n de Colapinto tras enterarse de su debut en la F\u00f3rmula 1"},"content":{"rendered":"<p><time class=\"createDate\" datetime=\"2024-07-01T13:14:46-03:00\">01\/07\/2024 16:14hs.<\/time><\/p>\n<div id=\"storyBody\">\n<div class=\"custom-text \" readability=\"18.876404494382\">\n<p><strong><a href=\"https:\/\/www.ole.com.ar\/tema\/franco-colapinto.html\" title=\"Franco Colapinto\" alt=\"Franco Colapinto\" class=\"slug\">Franco Colapinto<\/a><\/strong> se enter\u00f3 lunes que <strong><a href=\"https:\/\/www.ole.com.ar\/autos\/franco-colapinto-williams-formula_0_NS1UsWxldt.html\" target=\"_self\" title=\"debutar\u00e1 en F\u00f3rmula 1 en la primera pr\u00e1ctica libre (FP1) del Gran Premio de Gran Breta\u00f1a en Silverstone\" alt=\"debutar\u00e1 en F\u00f3rmula 1 en la primera pr\u00e1ctica libre (FP1) del Gran Premio de Gran Breta\u00f1a en Silverstone\" rel=\"noopener\">debutar\u00e1 en F\u00f3rmula 1 en la primera pr\u00e1ctica libre (FP1) del Gran Premio de Gran Breta\u00f1a en Silverstone<\/a><\/strong>. Minutos despu\u00e9s de recibir una noticia hist\u00f3rica para el automovilismo argentino, cont\u00f3 lo que sent\u00eda en un video&#8230;<\/p>\n<\/div>\n<div class=\"custom-text \" readability=\"41\">\n<p>&#8220;Hola a todos, voy a estar en Silverstone subido a un Formula 1 de Williams haciendo la Free Practice 1, as\u00ed que <strong>es una noticia que me acaban de dar estoy extremadamente feliz, lo voy a disfrutar much\u00edsimo<\/strong>, much\u00edsimo. Estuve esperando esta oportunidad durante mucho tiempo y es un momento muy importante para m\u00ed, para mi carrera, para toda la gente que me estuvo apoyando tanto tiempo y para los argentinos tambi\u00e9n&#8221;<\/p>\n<\/div>\n<div type=\"embed\" class=\"sc-3f46f5ae-0 djVTgz\">\n<div class=\"sc-3f46f5ae-1 fTjZec videoText\" id=\"contentTitleembed6mInC86K\" type=\"embed\"><svg fill=\"#ffffff\"><symbol id=\"play\" viewBox=\"0 0 512 512\"><path d=\"M512 256C512 397.4 397.4 512 256 512C114.6 512 0 397.4 0 256C0 114.6 114.6 0 256 0C397.4 0 512 114.6 512 256zM176 168V344C176 352.7 180.7 360.7 188.3 364.9C195.8 369.2 205.1 369 212.5 364.5L356.5 276.5C363.6 272.1 368 264.4 368 256C368 247.6 363.6 239.9 356.5 235.5L212.5 147.5C205.1 142.1 195.8 142.8 188.3 147.1C180.7 151.3 176 159.3 176 168V168z\" \/><\/symbol><use xlink:href=\"#play\" \/><\/svg><\/p>\n<div class=\"right\">\n<p>Franco Colapinto<!-- --> &#8211;<!-- --> <span>&nbsp;<\/span><\/p>\n<h2 class=\"title-vid\">La reacci\u00f3n de Franco Colapinto tras enterarse de su participaci\u00f3n en la F1<\/h2>\n<\/div>\n<\/div>\n<p><span class=\"back\" id=\"spanBackembed6mInC86K\"><\/span><\/div>\n<div class=\"custom-text \" readability=\"36\">\n<p><strong>&#8220;\u00a1Franco Colapinto se pondr\u00e1 al volante en la FP1 de Silverstone!<\/strong>\u201d, escribi\u00f3 este lunes la cuenta oficial de Williams, un d\u00eda despu\u00e9s de que el piloto de Pilar se subiera el podio GP de Austria de la F2. Probar\u00e1 el Williams FW46 de Logan Sargeant.<\/p>\n<\/div>\n<div class=\"custom-text \" readability=\"40\">\n<p>Y la reacci\u00f3n de Conapinto fue inmediata&#8230; Se emocion\u00f3, se ilusion\u00f3, agradeci\u00f3. &#8220;Toda la gente que me estuvo apoyando tanto tiempo y para los argentinos tambi\u00e9n.<strong> Espero que lo puedan disfrutar tanto como lo voy a disfrutar yo. Voy a intentar de maximizar el auto<\/strong>, de aprender todo lo que pueda en esa hora de free practice y<strong> en Silverstone adem\u00e1s, que es un circuito de los m\u00e1s lindos, de los m\u00e1s r\u00e1pidos<\/strong> y en la carrera de casa de William es una oportunidad \u00fanica y la voy a disfrutar much\u00edsimo&#8221;.<\/p>\n<\/div>\n<div class=\"custom-text \" readability=\"35\">\n<p>En el 2023, Franco Colapinto ya hab\u00eda hecho historia al participar en el rookie test de la F\u00f3rmula 1 con el equipo Williams. <strong>Super\u00f3 los 300 kil\u00f3metros requeridos en 65 vueltas en Abu Dhabi <\/strong>y finaliz\u00f3 entre los 10 mejores pilotos con un tiempo de 1:26.832.<\/p>\n<\/div>\n<div class=\"custom-text \" readability=\"39\">\n<p><strong>El director deportivo de Williams, Sven Smeets, explic\u00f3 por qu\u00e9 confi\u00f3 nuevamente en Colapinto:<\/strong> \u201cFranco ha tenido un inicio muy alentador en su temporada debut en F2 y estamos encantados de recompensar su desempe\u00f1o durante los \u00faltimos dos a\u00f1os con su primera sesi\u00f3n de FP1. Estamos orgullosos de nuestro talentoso grupo de pilotos en la Academia de Pilotos de Williams Racing y es importante para nosotros darles la oportunidad de progresar y tener estas oportunidades importantes a medida que avanzan en su carrera. Mostrar nuestro talento en nuestra carrera local en Silverstone es un momento especial y, por supuesto, va a ser un gran d\u00eda para los fan\u00e1ticos argentinos de la F1&#8243;.<\/p>\n<\/div>\n<p><h2><strong>Antecedentes de argentinos en la F1<\/strong><\/h2>\n<\/p>\n<div class=\"custom-text \" readability=\"35\">\n<p>Colapinto se transformar\u00e1 <strong>en el piloto n\u00famero 26 del pa\u00eds en estar en la F\u00f3rmula 1. El \u00faltimo en llegar a la M\u00e1xima hab\u00eda sido Gast\u00f3n Mazzacane, en el 2000. Ac\u00e1, los que hicieron historia.<\/strong><\/p>\n<\/div>\n<div class=\"custom-text \" readability=\"38\">\n<p>Juan Manuel Fangio: Logr\u00f3 el campeonato del mundo en cinco oportunidades y es considerado uno de los mejores pilotos que tuvo la historia de la F\u00f3rmula 1. Se consagr\u00f3 con Ferrari, Mercedes, Alfa Romeo y Maserati en dos oportunidades. En el listado de campeones, solo lo supera Michael Schumacher con 7 t\u00edtulos y en 2018 lleg\u00f3 a cinco estrellas Lewis Hamilton.<\/p>\n<\/div>\n<div class=\"custom-text \" readability=\"36\">\n<p>Jos\u00e9 Froil\u00e1n Gonz\u00e1lez: El argentino corri\u00f3 nueve temporadas en la M\u00e1xima y entr\u00f3 en la historia grande de Ferrari al ser el primer piloto en conseguir un triunfo para la marca en Gran Breta\u00f1a en 1951. En la temporada de 1954 estuvo muy cerca de lograr el campeonato, pero su compatriota Fangio finalmente se llev\u00f3 el t\u00edtulo.<\/p>\n<\/div>\n<div class=\"custom-text \" readability=\"40\">\n<p>Carlos Alberto Reutemann: Fue el \u00faltimo representante argentino que estuvo a un paso de conseguir el t\u00edtulo de campe\u00f3n. Adem\u00e1s, fue el \u00faltimo piloto local en lograr una victoria en un Gran Premio, fue en 1981 en B\u00e9lgica con Williams. Represent\u00f3 a Ferrari, Brabham, Lotus y Williams, y estuvo a un punto de quedarse con la corona en 1981.<\/p>\n<\/div>\n<div class=\"custom-text \" readability=\"35\">\n<p>Ricardo Zunino: Estuvo presente en once competencias de F\u00f3rmula 1 y sus mejores actuaciones las tuvo con Brabham. Uno fue en el Gran Premio de Espa\u00f1a en 1980 y otra en 1981 en Sud\u00e1frica, donde fue segundo. Pero eran carreras que no entregaban puntos.<\/p>\n<\/div>\n<div class=\"custom-text \" readability=\"36\">\n<p>Oscar Larrauri: En 1988 hizo su arribo a la F\u00f3rmula 1 con Eurobrun y compiti\u00f3 en 12 carreras dentro de la M\u00e1xima. Antes, hab\u00eda a una precalificaci\u00f3n, por lo que era muy completo para el piloto entrar entre los mejores para clasificar.<\/p>\n<\/div>\n<div class=\"custom-text \" readability=\"35\">\n<p>Norberto Fontana: Fue el segundo piloto oriundo de Arrecifes en llegar a la F\u00f3rmula 1. Disput\u00f3 cuatro Grandes Premios con el equipo Sauber \u2013 Ferrari en la temporada 1997. Un a\u00f1o m\u00e1s tarde, sin lugar en la categor\u00eda pas\u00f3 a la F\u00f3rmula Nippon.<\/p>\n<\/div>\n<div class=\"custom-text \" readability=\"34\">\n<p>Esteban Tuero: Minardi lo contrat\u00f3 n el a\u00f1o 1998 y fue el piloto oficial toda la temporada. Lamentablemente no logr\u00f3 buenos resultados y en el 99&#8242; tom\u00f3 la decisi\u00f3n de alejarse de la categor\u00eda para incursionar en el automovilismo argentino.<\/p>\n<\/div>\n<div class=\"custom-text \" readability=\"39\">\n<p>Gast\u00f3n Mazzacane: El piloto platense fue el \u00faltimo piloto argentino que corri\u00f3 en F\u00f3rmula 1. Luego de correr varios a\u00f1os en Europa, lleg\u00f3 a la M\u00e1xima en el 2000, tambi\u00e9n con Minardi. Su mejor actuaci\u00f3n fue un octavo puesto en el GP de Europa. En el 2001 pas\u00f3 al equipo Prost, dirigido por Alain Prost, pero s\u00f3lo estuvo cuatro carreras.<\/p>\n<\/div>\n<p><h2><strong>Colapinto y una gran carrera en la F2: meti\u00f3 podio<\/strong><\/h2>\n<\/p>\n<div class=\"custom-text \" readability=\"40\">\n<p><strong>Franco Colapinto<\/strong> quer\u00eda sacarse el sabor amargo del s\u00e1bado. Despu\u00e9s del <strong>error en el final del Sprint<\/strong> que le cost\u00f3 no haber conseguido un sexto puesto y varios puntos importantes, el pilarense de 21 a\u00f1os opt\u00f3 por canalizar la bronca, aprender de los fallos y salir decidido en la final del <strong>GP de Austria<\/strong>, correspondiente a la s\u00e9ptima fecha de la <strong>F\u00f3rmula 2<\/strong>. Y vaya que lo hizo, dado que complet\u00f3 una carrera sin falencias, gan\u00f3 dos posiciones con respecto a la partida (4\u00ba) y cerr\u00f3 las 40 vueltas programadas en el <strong>segundo lugar del podio<\/strong>.<\/p>\n<\/div>\n<div class=\"custom-text \" readability=\"41\">\n<p>Ya lejos de la falta de funcionamiento de las primeras jornadas en la categor\u00eda telonera de la M\u00e1xima, el argentino aprovech\u00f3 los problemas de algunos competidores (a su compa\u00f1ero <strong>Dennis Hauger<\/strong>, que part\u00eda desde la pole, se le par\u00f3 por completo el auto en la vuelta previa y tuvo que arrancar desde los boxes), vol\u00f3 con aire limpio y se qued\u00f3 con el r\u00e9cord de vuelta. Y todo lo hizo con una estrategia diferente a la del resto de los pilotos de punta, ya que fue el \u00fanico que inici\u00f3 con neum\u00e1ticos blandos (la mayor\u00eda mont\u00f3 los superblandos) y aguant\u00f3 m\u00e1s tiempo en la pista. Tanto es as\u00ed que asalt\u00f3 <strong>la punta en el noveno giro y reci\u00e9n lo solt\u00f3 en la 33<\/strong>, cuando realiz\u00f3 su detenci\u00f3n en los boxes.<\/p>\n<\/div>\n<div class=\"custom-text \" readability=\"41\">\n<p>A partir de entonces, el volante de 21 a\u00f1os apret\u00f3 el pedal del acelerador a fondo y empez\u00f3 a recortar diferencia con los de arriba, puesto que volvi\u00f3 a la cinta asf\u00e1ltica en la s\u00e9ptima plaza y, con un ritmo ampliamente superior al resto por la vida de sus ruedas, <strong>se sac\u00f3 de encima a cinco contrincantes<\/strong>. Y si no pudo con el brasile\u00f1o Gabriel Bortoletto, quien se impuso con una ventaja de poco m\u00e1s de cuatro segundos, fue simplemente porque no tuvo m\u00e1s vueltas para intentarlo.<\/p>\n<\/div>\n<div class=\"custom-text \" readability=\"40\">\n<p>&#8220;Funcion\u00f3 la estrategia. Est\u00e1bamos esperando un Safety Car al final de la carrera que si tocaba gan\u00e1bamos seguro. Perd\u00ed bastante tiempo con algunos rezagados, pero estoy contento con el segundo puesto. Bortoletto ten\u00eda muy buen ritmo. Ayer estaba muy enojado, hoy trat\u00e9 de dar lo mejor de m\u00ed y no quer\u00eda que el equipo se fuera a Silverstone as\u00ed&#8221;, le dijo Franco a ESPN. Y agreg\u00f3: &#8220;Quer\u00eda pelear la carrera y por eso usamos la estrategia. Segundo podio consecutivo, el tercero en la temporada. <strong>Estoy contento, se vienen cosas buenas<\/strong> y ojal\u00e1 siga yendo todo por este camino en Silverstone&#8221;.<\/p>\n<\/div>\n<div class=\"sc-e7b891c4-0 jPbnQF\"><img alt=\"Franco Colapinto, piloto del MP Motorsport en la F2\/F\u00f3rmula 2. (IG)\" src=\"http:\/\/cordobadirecto.com\/wp-content\/uploads\/2024\/07\/video-la-reaccion-de-colapinto-tras-enterarse-de-su-debut-en-la-formula-1.jpg\" width=\"720\" height=\"100\" decoding=\"async\" data-nimg=\"future\" loading=\"lazy\"><span class=\"epigraphe\">Franco Colapinto, piloto del MP Motorsport en la F2\/F\u00f3rmula 2. (IG)<\/span><\/div>\n<p><h2><strong>Colapinto sube en la tabla de posiciones de la F2<\/strong><\/h2>\n<\/p>\n<div class=\"custom-text \" readability=\"39\">\n<p>Gracias a los 19 puntos obtenidos por el segundo lugar y la vuelta r\u00e1pida, el oriundo de Pilar, que forma parte del equipo MP Motorsport, <strong>lleg\u00f3 a las 75 unidades y subi\u00f3 a la quinta plaza del campeonato<\/strong>. As\u00ed, igual\u00f3 la l\u00ednea de Zane Maloney y qued\u00f3 como uno de los mejores rookies de la temporada.<\/p>\n<\/div>\n<p><h2><strong>El top 10 de las posiciones de la F2<\/strong><\/h2>\n<\/p>\n<div class=\"custom-text \">\n<ol>\n<li>Paul Aron 115<\/li>\n<li>Isack Hadjar 106<\/li>\n<li>Gabriel Bortoleto 85<\/li>\n<li>Zane Maloney 75<\/li>\n<li>Franco Colapinto 75<\/li>\n<li>Jak Crawford 65<\/li>\n<li>Dennis Hauger 62<\/li>\n<li>Kush Maini 52<\/li>\n<li>Pepe Mart\u00ed 49<\/li>\n<li>Kimi Antonelli 48<\/li>\n<\/ol>\n<\/div>\n<div class=\"sc-e7b891c4-0 jPbnQF\"><img alt=\"Franco Colapinto, piloto argentino en la F\u00f3rmula 2. (MP Motorsport)\" src=\"http:\/\/cordobadirecto.com\/wp-content\/uploads\/2024\/07\/video-la-reaccion-de-colapinto-tras-enterarse-de-su-debut-en-la-formula-1-1.jpg\" width=\"720\" height=\"100\" decoding=\"async\" data-nimg=\"future\" loading=\"lazy\"><span class=\"epigraphe\">Franco Colapinto, piloto argentino en la F\u00f3rmula 2. (MP Motorsport)<\/span><\/div>\n<p><h2><strong>\u00bfCu\u00e1ndo vuelve a correr la F\u00f3rmula 2?<\/strong><\/h2>\n<\/p>\n<div class=\"custom-text \" readability=\"40\">\n<p>Colapinto y todos sus colegas no tendr\u00e1n descanso, dado que la actividad continuar\u00e1 el pr\u00f3ximo fin de semana en el m\u00edtico trazado de <strong>Silverstone<\/strong>. Luego, quedar\u00e1n seis fechas (Budapest, Spa, Monza, Bak\u00fa, Lusail y Abu Dabi).<\/p>\n<\/div>\n<div class=\"sc-a7166897-0 exHLBh\" readability=\"6.5\">\n<section readability=\"3\"><picture><img alt=\"\u00a1Emoci\u00f3n en la F1! Verstappen y Norris se arruinaron sus carreras y Russell gan\u00f3 en Austria \" src=\"http:\/\/cordobadirecto.com\/wp-content\/uploads\/2024\/07\/video-la-reaccion-de-colapinto-tras-enterarse-de-su-debut-en-la-formula-1-2.jpg\" width=\"290\" height=\"290\" decoding=\"async\" data-nimg=\"future\" loading=\"lazy\"><\/picture>\n<p><span>Mir\u00e1 tambi\u00e9n<\/span><\/p>\n<hr>\n<h3>\u00a1Emoci\u00f3n en la F1! Verstappen y Norris se arruinaron sus carreras y Russell gan\u00f3 en Austria <\/h3>\n<\/p>\n<\/section>\n<\/div>\n<div class=\"sc-a7166897-0 exHLBh\" readability=\"7\">\n<section readability=\"4\"><picture><img alt=\"Trompo ag\u00f3nico y carrera arruinada: el sprint de Franco Colapinto en Austria, por la F2\" src=\"http:\/\/cordobadirecto.com\/wp-content\/uploads\/2024\/07\/video-la-reaccion-de-colapinto-tras-enterarse-de-su-debut-en-la-formula-1-3.jpg\" width=\"290\" height=\"290\" decoding=\"async\" data-nimg=\"future\" loading=\"lazy\"><\/picture>\n<p><span>Mir\u00e1 tambi\u00e9n<\/span><\/p>\n<hr>\n<h3>Trompo ag\u00f3nico y carrera arruinada: el sprint de Franco Colapinto en Austria, por la F2<\/h3>\n<\/p>\n<\/section>\n<\/div>\n<\/div>\n","protected":false},"excerpt":{"rendered":"<p>01\/07\/2024 16:14hs. Franco Colapinto se enter\u00f3 lunes que debutar\u00e1 en F\u00f3rmula 1 en la primera pr\u00e1ctica libre (FP1) del Gran Premio de Gran Breta\u00f1a en Silverstone. Minutos despu\u00e9s de recibir una noticia hist\u00f3rica para el automovilismo argentino, cont\u00f3 lo que sent\u00eda en un video&#8230; &#8220;Hola a todos, voy a estar en Silverstone subido a un [&hellip;]<\/p>\n","protected":false},"author":1,"featured_media":152177,"comment_status":"closed","ping_status":"closed","sticky":false,"template":"","format":"standard","meta":[],"categories":[21],"tags":[],"_links":{"self":[{"href":"http:\/\/cordobadirecto.com\/index.php\/wp-json\/wp\/v2\/posts\/152176"}],"collection":[{"href":"http:\/\/cordobadirecto.com\/index.php\/wp-json\/wp\/v2\/posts"}],"about":[{"href":"http:\/\/cordobadirecto.com\/index.php\/wp-json\/wp\/v2\/types\/post"}],"author":[{"embeddable":true,"href":"http:\/\/cordobadirecto.com\/index.php\/wp-json\/wp\/v2\/users\/1"}],"replies":[{"embeddable":true,"href":"http:\/\/cordobadirecto.com\/index.php\/wp-json\/wp\/v2\/comments?post=152176"}],"version-history":[{"count":0,"href":"http:\/\/cordobadirecto.com\/index.php\/wp-json\/wp\/v2\/posts\/152176\/revisions"}],"wp:featuredmedia":[{"embeddable":true,"href":"http:\/\/cordobadirecto.com\/index.php\/wp-json\/wp\/v2\/media\/152177"}],"wp:attachment":[{"href":"http:\/\/cordobadirecto.com\/index.php\/wp-json\/wp\/v2\/media?parent=152176"}],"wp:term":[{"taxonomy":"category","embeddable":true,"href":"http:\/\/cordobadirecto.com\/index.php\/wp-json\/wp\/v2\/categories?post=152176"},{"taxonomy":"post_tag","embeddable":true,"href":"http:\/\/cordobadirecto.com\/index.php\/wp-json\/wp\/v2\/tags?post=152176"}],"curies":[{"name":"wp","href":"https:\/\/api.w.org\/{rel}","templated":true}]}}