{"id":15260,"date":"2021-08-23T22:19:24","date_gmt":"2021-08-23T22:19:24","guid":{"rendered":"http:\/\/cordobadirecto.com\/index.php\/2021\/08\/23\/el-argentino-gaspar-noe-competira-con-vortex-en-el-festival-de-san-sebastian\/"},"modified":"2021-08-23T22:19:24","modified_gmt":"2021-08-23T22:19:24","slug":"el-argentino-gaspar-noe-competira-con-vortex-en-el-festival-de-san-sebastian","status":"publish","type":"post","link":"http:\/\/cordobadirecto.com\/index.php\/2021\/08\/23\/el-argentino-gaspar-noe-competira-con-vortex-en-el-festival-de-san-sebastian\/","title":{"rendered":"El argentino Gaspar No\u00e9 competir\u00e1 con &#8220;Vortex&#8221; en el Festival de San Sebasti\u00e1n"},"content":{"rendered":"<div class=\"image\" id=\"image\" readability=\"8\"> <img src=\"http:\/\/cordobadirecto.com\/wp-content\/uploads\/2021\/08\/el-argentino-gaspar-noe-competira-con-vortex-en-el-festival-de-san-sebastian.jpg\" alt=\"Dario Argento y Fran\u00e7oise Lebrun, figuras centrales del nuevo filme de Gaspar No\u00e9.\" title=\"Dario Argento y Fran\u00e7oise Lebrun, figuras centrales del nuevo filme de Gaspar No\u00e9.\"><\/p>\n<p>Dario Argento y Fran\u00e7oise Lebrun, figuras centrales del nuevo filme de Gaspar No\u00e9.<\/p>\n<\/div>\n<p>La pel\u00edcula <strong>&#8220;Vortex&#8221;<\/strong>, del argentino radicado en Francia <strong>Gaspar No\u00e9<\/strong>, competir\u00e1 en la secci\u00f3n Zabaltegi-Tabakalera en la 69na edici\u00f3n del Festival de San Sebasti\u00e1n, que se desarrollar\u00e1 entre el 17 y el 25 de septiembre en esa ciudad vasca de Espa\u00f1a.<\/p>\n<p>El filme de No\u00e9, <strong>protagonizado por el legendario director italiano Dario Argento<\/strong> junto a Fran\u00e7oise Lebrun, ya hab\u00eda participado en la secci\u00f3n Premiere en la \u00faltima edici\u00f3n del festival de Cannes, <strong>est\u00e1 centrado en dos ancianos, \u00e9l con un coraz\u00f3n delicado y ella enferma de Alzheimer<\/strong>, hab\u00eda participado en la secci\u00f3n Premiere en la \u00faltima edici\u00f3n del festival de Cannes.<\/p>\n<p> <iframe width=\"560\" height=\"315\" src=\"https:\/\/www.youtube.com\/embed\/sGV_NscPjSM?wmode=transparent&amp;showinfo=0&amp;autohide=1&amp;rel=0\" frameborder=\"0\" allowfullscreen>[embedded content]<\/iframe> <\/p>\n<p>&#8220;Vortex&#8221; (fragmento)<\/p>\n<p>&#8220;Vortex&#8221; competir\u00e1 con otras <strong>17 pel\u00edculas de todo el mundo por el Premio Zabaltegi-Tabakalera<\/strong>, el apartado m\u00e1s amplio del festival donostiarra donde no hay normas ni limitaciones de estilo o tiempo: cortos, medios, largos, ficciones, no ficciones, animaciones, series e instalaciones audiovisuales, que tiene un premio dotado de <strong>6.000 euros para el director o directora y 14.000 para la distribuidora de la pel\u00edcula en Espa\u00f1a.<\/strong><\/p>\n<p>Esta edici\u00f3n del festival de San Sebasti\u00e1n tendr\u00e1 una nutrida presencia argentina, como <strong>&#8220;Camila saldr\u00e1 esta noche&#8221;, de la cordobesa In\u00e9s Barrionuevo que competir\u00e1 por la Concha de Oro; &#8220;Jes\u00fas L\u00f3pez&#8221; de Maximiliano Schonfeld, &#8220;Azor&#8221;, de Andreas Fontana y &#8220;Piedra noche&#8221;, de Iv\u00e1n Fund, las tres en la secci\u00f3n Horizontes Latinos; &#8220;Carajita&#8221; de Silvina Schnicer y Ulises Porra, y &#8220;Ese fin de semana&#8221;, de Mara Pescio, incluidas en New Directors; y &#8220;Competencia oficial&#8221;, de Gast\u00f3n Duprat y Mariano Cohn<\/strong>, que luego de participar en Venecia se sumar\u00e1 a los 15 t\u00edtulos de Perlak. <\/p>\n","protected":false},"excerpt":{"rendered":"<p>Dario Argento y Fran\u00e7oise Lebrun, figuras centrales del nuevo filme de Gaspar No\u00e9. La pel\u00edcula &#8220;Vortex&#8221;, del argentino radicado en Francia Gaspar No\u00e9, competir\u00e1 en la secci\u00f3n Zabaltegi-Tabakalera en la 69na edici\u00f3n del Festival de San Sebasti\u00e1n, que se desarrollar\u00e1 entre el 17 y el 25 de septiembre en esa ciudad vasca de Espa\u00f1a. El [&hellip;]<\/p>\n","protected":false},"author":1,"featured_media":15261,"comment_status":"closed","ping_status":"closed","sticky":false,"template":"","format":"standard","meta":[],"categories":[20],"tags":[],"_links":{"self":[{"href":"http:\/\/cordobadirecto.com\/index.php\/wp-json\/wp\/v2\/posts\/15260"}],"collection":[{"href":"http:\/\/cordobadirecto.com\/index.php\/wp-json\/wp\/v2\/posts"}],"about":[{"href":"http:\/\/cordobadirecto.com\/index.php\/wp-json\/wp\/v2\/types\/post"}],"author":[{"embeddable":true,"href":"http:\/\/cordobadirecto.com\/index.php\/wp-json\/wp\/v2\/users\/1"}],"replies":[{"embeddable":true,"href":"http:\/\/cordobadirecto.com\/index.php\/wp-json\/wp\/v2\/comments?post=15260"}],"version-history":[{"count":0,"href":"http:\/\/cordobadirecto.com\/index.php\/wp-json\/wp\/v2\/posts\/15260\/revisions"}],"wp:featuredmedia":[{"embeddable":true,"href":"http:\/\/cordobadirecto.com\/index.php\/wp-json\/wp\/v2\/media\/15261"}],"wp:attachment":[{"href":"http:\/\/cordobadirecto.com\/index.php\/wp-json\/wp\/v2\/media?parent=15260"}],"wp:term":[{"taxonomy":"category","embeddable":true,"href":"http:\/\/cordobadirecto.com\/index.php\/wp-json\/wp\/v2\/categories?post=15260"},{"taxonomy":"post_tag","embeddable":true,"href":"http:\/\/cordobadirecto.com\/index.php\/wp-json\/wp\/v2\/tags?post=15260"}],"curies":[{"name":"wp","href":"https:\/\/api.w.org\/{rel}","templated":true}]}}