{"id":152665,"date":"2024-07-12T21:49:09","date_gmt":"2024-07-12T21:49:09","guid":{"rendered":"https:\/\/cordoba.gob.ar\/?p=59391"},"modified":"2024-07-12T21:49:09","modified_gmt":"2024-07-12T21:49:09","slug":"el-centro-de-dia-mas-antiguo-de-la-ciudad-cumple-40-anos","status":"publish","type":"post","link":"http:\/\/cordobadirecto.com\/index.php\/2024\/07\/12\/el-centro-de-dia-mas-antiguo-de-la-ciudad-cumple-40-anos\/","title":{"rendered":"El Centro de D\u00eda m\u00e1s antiguo de la ciudad cumple 40 a\u00f1os"},"content":{"rendered":"<div><img src=\"http:\/\/cordobadirecto.com\/wp-content\/uploads\/2024\/07\/el-centro-de-dia-mas-antiguo-de-la-ciudad-cumple-40-anos.jpg\" class=\"ff-og-image-inserted\"><\/div>\n<ul>\n<li><strong><strong>Se trata del Centro de D\u00eda Tucum\u00e1n, de la Municipalidad de C\u00f3rdoba.<\/strong><\/strong><br \/>\n<hr>\n<\/li>\n<\/ul>\n<p>El ya hist\u00f3rico Centro de D\u00eda Tucum\u00e1n, ubicado en la calle hom\u00f3nima en pleno centro de la ciudad de C\u00f3rdoba, celebr\u00f3 su 40\u00b0 aniversario.<\/p>\n<p>Se trata del primer centro de d\u00eda creado por la Municipalidad, que a trav\u00e9s de sus programas y actividades promueve la salud, el bienestar y la participaci\u00f3n activa.<\/p>\n<p>Las personas mayores que participan cotidianamente en las actividades del centro encuentran aqu\u00ed un espacio que da sentido a su permanencia en el tiempo, promoviendo una vejez activa, saludable y protagonista.<\/p>\n<p>A lo largo de los a\u00f1os, se consolid\u00f3 como un pilar de la comunidad, y por ello fue reconocido por las autoridades municipales y representantes de diversas organizaciones en el marco de sus festejos.<\/p>\n<p>Este aniversario no solo celebra cuatro d\u00e9cadas de servicio y dedicaci\u00f3n a las personas mayores, sino que tambi\u00e9n reafirma el compromiso del municipio con esta comunidad en particular.<\/p>\n<p>Yolanda Meiner, una de las mujeres que participa de este espacio, comparti\u00f3 emocionada: <em>\u201cYo hace 33 a\u00f1os que vengo, tengo 92. He pasado mis mejores momentos y los sigo pasando. Y hoy hay una alegr\u00eda tremenda de llegar a festejar 40 a\u00f1os en el hogar. Gracias por todo. Este ha sido mi segundo hogar desde hace tantos a\u00f1os. Y lo llevo en el coraz\u00f3n porque fue lo m\u00e1s lindo de mi vida esto que he pasado. Muy feliz cumplea\u00f1os\u201d<\/em>.<\/p>\n<p><strong>El compromiso del municipio con la vejez<\/strong><\/p>\n<p>La Municipalidad de C\u00f3rdoba adhiere a los principios de la Convenci\u00f3n Interamericana sobre la Protecci\u00f3n de los Derechos Humanos de las Personas Mayores, un tratado adoptado por la Asamblea General de la Organizaci\u00f3n de los Estados Americanos (OEA) en 2015.<\/p>\n<p>Esta convenci\u00f3n tiene como objetivo promover, proteger y asegurar el pleno goce y ejercicio de todos los derechos humanos y libertades fundamentales de las personas mayores, as\u00ed como fomentar su inclusi\u00f3n, participaci\u00f3n activa y plena integraci\u00f3n en la sociedad.<\/p>\n","protected":false},"excerpt":{"rendered":"<p>Se trata del Centro de D\u00eda Tucum\u00e1n, de la Municipalidad de C\u00f3rdoba. El ya hist\u00f3rico Centro de D\u00eda Tucum\u00e1n, ubicado en la calle hom\u00f3nima en pleno centro de la ciudad de C\u00f3rdoba, celebr\u00f3 su 40\u00b0 aniversario. Se trata del primer centro de d\u00eda creado por la Municipalidad, que a trav\u00e9s de sus programas y actividades [&hellip;]<\/p>\n","protected":false},"author":1,"featured_media":152666,"comment_status":"closed","ping_status":"closed","sticky":false,"template":"","format":"standard","meta":[],"categories":[44],"tags":[],"_links":{"self":[{"href":"http:\/\/cordobadirecto.com\/index.php\/wp-json\/wp\/v2\/posts\/152665"}],"collection":[{"href":"http:\/\/cordobadirecto.com\/index.php\/wp-json\/wp\/v2\/posts"}],"about":[{"href":"http:\/\/cordobadirecto.com\/index.php\/wp-json\/wp\/v2\/types\/post"}],"author":[{"embeddable":true,"href":"http:\/\/cordobadirecto.com\/index.php\/wp-json\/wp\/v2\/users\/1"}],"replies":[{"embeddable":true,"href":"http:\/\/cordobadirecto.com\/index.php\/wp-json\/wp\/v2\/comments?post=152665"}],"version-history":[{"count":0,"href":"http:\/\/cordobadirecto.com\/index.php\/wp-json\/wp\/v2\/posts\/152665\/revisions"}],"wp:featuredmedia":[{"embeddable":true,"href":"http:\/\/cordobadirecto.com\/index.php\/wp-json\/wp\/v2\/media\/152666"}],"wp:attachment":[{"href":"http:\/\/cordobadirecto.com\/index.php\/wp-json\/wp\/v2\/media?parent=152665"}],"wp:term":[{"taxonomy":"category","embeddable":true,"href":"http:\/\/cordobadirecto.com\/index.php\/wp-json\/wp\/v2\/categories?post=152665"},{"taxonomy":"post_tag","embeddable":true,"href":"http:\/\/cordobadirecto.com\/index.php\/wp-json\/wp\/v2\/tags?post=152665"}],"curies":[{"name":"wp","href":"https:\/\/api.w.org\/{rel}","templated":true}]}}