{"id":152704,"date":"2024-07-13T16:00:07","date_gmt":"2024-07-13T16:00:07","guid":{"rendered":"https:\/\/cordoba.gob.ar\/?p=59289"},"modified":"2024-07-13T16:00:07","modified_gmt":"2024-07-13T16:00:07","slug":"segunda-jornada-de-formacion-situada-participaron-mas-de1800-supervisores-directivos-y-docentes","status":"publish","type":"post","link":"http:\/\/cordobadirecto.com\/index.php\/2024\/07\/13\/segunda-jornada-de-formacion-situada-participaron-mas-de1800-supervisores-directivos-y-docentes\/","title":{"rendered":"Segunda jornada de Formaci\u00f3n Situada: participaron m\u00e1s de1800 supervisores, directivos y docentes"},"content":{"rendered":"<div><img src=\"http:\/\/cordobadirecto.com\/wp-content\/uploads\/2024\/07\/segunda-jornada-de-formacion-situada-participaron-mas-de1800-supervisores-directivos-y-docentes.jpg\" class=\"ff-og-image-inserted\"><\/div>\n<ul>\n<li><strong><strong>Los encuentros se organizaron en ocho sedes diferentes en distintos lugares de la ciudad, alcanzando de este modo a todo el sistema educativo municipal.<\/strong><\/strong><br \/>\n<hr>\n<\/li>\n<\/ul>\n<p>La Municipalidad de C\u00f3rdoba, a trav\u00e9s de la Secretar\u00eda de Educaci\u00f3n, realiz\u00f3 la segunda jornada del \u201cProyecto Construcci\u00f3n Pedag\u00f3gica: Instancias de Formaci\u00f3n Situada\u201d.<\/p>\n<p>Participaron m\u00e1s de 1800 personas que influy\u00f3 a todo el sistema educativo municipal, contado a jardines, escuelas, Parques Educativos, CEB, CEJAS, adem\u00e1s de supervisoras y t\u00e9cnicos comprometidos con la mejora continua de la ense\u00f1anza para chicos y grandes en la ciudad.<\/p>\n<p>En esta segunda instancia, hubo ocho sedes para distintos agrupamientos, entre ellos: los campos de \u00e1reas especiales y la Modalidad de J\u00f3venes y Adultos.<\/p>\n<p>Durante la jornada, se abord\u00f3 la necesidad de profundizar saberes y pr\u00e1cticas que acorten la distancia entre el ense\u00f1ar y el aprender, en todos los espacios curriculares y \u00e1reas, como as\u00ed tambi\u00e9n ampliar y profundizar las modalidades de mediaci\u00f3n cultural. Esta es la cuesti\u00f3n fundamental pensando en un abordaje de manera cr\u00edtica y reflexiva.<\/p>\n<p>Emergieron como desaf\u00edos y oportunidades la reflexi\u00f3n entre participantes, la mediaci\u00f3n cultural, la adaptaci\u00f3n a los diferentes contextos y la innovaci\u00f3n pedag\u00f3gica.<\/p>\n<p><i><span>\u201cEs crucial que sigamos trabajando juntos para profundizar en las pr\u00e1cticas pedag\u00f3gicas para m\u00e1s y mejores aprendizajes, adapt\u00e1ndonos a las necesidades espec\u00edficas de cada comunidad educativa\u201d<\/span><\/i>, expres\u00f3 la secretaria de Educaci\u00f3n, Alicia La Terza.<\/p>\n<p>Por su parte, la directora General de Aprendizaje y Desarrollo Profesional, Susana Amancio, destac\u00f3: <em>\u201cLa instancia de Formaci\u00f3n Situada invita a mirar m\u00e1s all\u00e1 de los est\u00e1ndares y a considerar las particularidades de cada aula. La voz de los docentes es esencial para dise\u00f1ar estrategias que respondan a las necesidades reales de los estudiantes\u201d<\/em>.<\/p>\n","protected":false},"excerpt":{"rendered":"<p>Los encuentros se organizaron en ocho sedes diferentes en distintos lugares de la ciudad, alcanzando de este modo a todo el sistema educativo municipal. La Municipalidad de C\u00f3rdoba, a trav\u00e9s de la Secretar\u00eda de Educaci\u00f3n, realiz\u00f3 la segunda jornada del \u201cProyecto Construcci\u00f3n Pedag\u00f3gica: Instancias de Formaci\u00f3n Situada\u201d. Participaron m\u00e1s de 1800 personas que influy\u00f3 a [&hellip;]<\/p>\n","protected":false},"author":1,"featured_media":152705,"comment_status":"closed","ping_status":"closed","sticky":false,"template":"","format":"standard","meta":[],"categories":[44],"tags":[],"_links":{"self":[{"href":"http:\/\/cordobadirecto.com\/index.php\/wp-json\/wp\/v2\/posts\/152704"}],"collection":[{"href":"http:\/\/cordobadirecto.com\/index.php\/wp-json\/wp\/v2\/posts"}],"about":[{"href":"http:\/\/cordobadirecto.com\/index.php\/wp-json\/wp\/v2\/types\/post"}],"author":[{"embeddable":true,"href":"http:\/\/cordobadirecto.com\/index.php\/wp-json\/wp\/v2\/users\/1"}],"replies":[{"embeddable":true,"href":"http:\/\/cordobadirecto.com\/index.php\/wp-json\/wp\/v2\/comments?post=152704"}],"version-history":[{"count":0,"href":"http:\/\/cordobadirecto.com\/index.php\/wp-json\/wp\/v2\/posts\/152704\/revisions"}],"wp:featuredmedia":[{"embeddable":true,"href":"http:\/\/cordobadirecto.com\/index.php\/wp-json\/wp\/v2\/media\/152705"}],"wp:attachment":[{"href":"http:\/\/cordobadirecto.com\/index.php\/wp-json\/wp\/v2\/media?parent=152704"}],"wp:term":[{"taxonomy":"category","embeddable":true,"href":"http:\/\/cordobadirecto.com\/index.php\/wp-json\/wp\/v2\/categories?post=152704"},{"taxonomy":"post_tag","embeddable":true,"href":"http:\/\/cordobadirecto.com\/index.php\/wp-json\/wp\/v2\/tags?post=152704"}],"curies":[{"name":"wp","href":"https:\/\/api.w.org\/{rel}","templated":true}]}}