{"id":152706,"date":"2024-07-13T13:43:16","date_gmt":"2024-07-13T13:43:16","guid":{"rendered":"https:\/\/cordoba.gob.ar\/?p=59433"},"modified":"2024-07-13T13:43:16","modified_gmt":"2024-07-13T13:43:16","slug":"municipio-y-provincia-conectaran-a-jovenes-para-el-aprendizaje-de-idiomas","status":"publish","type":"post","link":"http:\/\/cordobadirecto.com\/index.php\/2024\/07\/13\/municipio-y-provincia-conectaran-a-jovenes-para-el-aprendizaje-de-idiomas\/","title":{"rendered":"Municipio y Provincia conectar\u00e1n a j\u00f3venes para el aprendizaje de idiomas"},"content":{"rendered":"<div><img src=\"http:\/\/cordobadirecto.com\/wp-content\/uploads\/2024\/07\/municipio-y-provincia-conectaran-a-jovenes-para-el-aprendizaje-de-idiomas.jpg\" class=\"ff-og-image-inserted\"><\/div>\n<ul>\n<li><strong><strong>Ser\u00e1 en el marco del \u201cPrograma CIC\u201d provincial.<\/strong><\/strong><br \/>\n<hr>\n<\/li>\n<\/ul>\n<p>Los j\u00f3venes de la ciudad de C\u00f3rdoba, cada vez m\u00e1s cerca de aprender un nuevo idioma: el intendente Daniel Passerini y el presidente de la Agencia C\u00f3rdoba Joven, Juan Ignacio Scotto, firmaron un convenio para fomentar la participaci\u00f3n y el acceso a los cursos.<\/p>\n<p>A trav\u00e9s de los Centros de Participaci\u00f3n Comunal (CPC), la Municipalidad de C\u00f3rdoba invitar\u00e1 a los j\u00f3venes a participar del \u201cPrograma CIC \u2013 Centro de Idioma C\u00f3rdoba\u201d que lleva adelante el Gobierno Provincial.<\/p>\n<p>Interesados podr\u00e1n encontrar informaci\u00f3n y sacarse dudas sobre esta propuesta en cada uno de los CPC de su jurisdicci\u00f3n.<\/p>\n<p>La iniciativa ofrece cursos gratuitos de nivel inicial de chino mandar\u00edn, ingl\u00e9s, portugu\u00e9s, franc\u00e9s e italiano.<\/p>\n<p>Vecinos y vecinas de toda la ciudad de entre 16 y 35 a\u00f1os, pueden encontrar m\u00e1s informaci\u00f3n en la <a href=\"http:\/\/campuscordoba.cba.gov.ar\">plataforma educativa<\/a>.<\/p>\n<p>Las inscripciones abrir\u00e1n pr\u00f3ximamente y gracias a este nuevo acuerdo, la apertura de inscripciones ser\u00e1 anunciada a trav\u00e9s de los medios tanto municipales como provinciales.<\/p>\n<p>El programa busca acercar el conocimiento sobre estas lenguas a un sector de la poblaci\u00f3n en edad laboral cuyo acceso a la capacitaci\u00f3n en idiomas se ve reducida por factores econ\u00f3micos o de compatibilidad de horarios.<\/p>\n<p>Esta propuesta se proporciona de manera virtual y autogestionada.<\/p>\n<p>Participaron de la r\u00fabrica el secretario de Participaci\u00f3n Ciudadana y Juventud, Juan Domingo Viola; y el director general de Juventud, Mart\u00edn Giesenow.<\/p>\n","protected":false},"excerpt":{"rendered":"<p>Ser\u00e1 en el marco del \u201cPrograma CIC\u201d provincial. Los j\u00f3venes de la ciudad de C\u00f3rdoba, cada vez m\u00e1s cerca de aprender un nuevo idioma: el intendente Daniel Passerini y el presidente de la Agencia C\u00f3rdoba Joven, Juan Ignacio Scotto, firmaron un convenio para fomentar la participaci\u00f3n y el acceso a los cursos. A trav\u00e9s de [&hellip;]<\/p>\n","protected":false},"author":1,"featured_media":152707,"comment_status":"closed","ping_status":"closed","sticky":false,"template":"","format":"standard","meta":[],"categories":[44],"tags":[],"_links":{"self":[{"href":"http:\/\/cordobadirecto.com\/index.php\/wp-json\/wp\/v2\/posts\/152706"}],"collection":[{"href":"http:\/\/cordobadirecto.com\/index.php\/wp-json\/wp\/v2\/posts"}],"about":[{"href":"http:\/\/cordobadirecto.com\/index.php\/wp-json\/wp\/v2\/types\/post"}],"author":[{"embeddable":true,"href":"http:\/\/cordobadirecto.com\/index.php\/wp-json\/wp\/v2\/users\/1"}],"replies":[{"embeddable":true,"href":"http:\/\/cordobadirecto.com\/index.php\/wp-json\/wp\/v2\/comments?post=152706"}],"version-history":[{"count":0,"href":"http:\/\/cordobadirecto.com\/index.php\/wp-json\/wp\/v2\/posts\/152706\/revisions"}],"wp:featuredmedia":[{"embeddable":true,"href":"http:\/\/cordobadirecto.com\/index.php\/wp-json\/wp\/v2\/media\/152707"}],"wp:attachment":[{"href":"http:\/\/cordobadirecto.com\/index.php\/wp-json\/wp\/v2\/media?parent=152706"}],"wp:term":[{"taxonomy":"category","embeddable":true,"href":"http:\/\/cordobadirecto.com\/index.php\/wp-json\/wp\/v2\/categories?post=152706"},{"taxonomy":"post_tag","embeddable":true,"href":"http:\/\/cordobadirecto.com\/index.php\/wp-json\/wp\/v2\/tags?post=152706"}],"curies":[{"name":"wp","href":"https:\/\/api.w.org\/{rel}","templated":true}]}}