{"id":152743,"date":"2024-07-13T13:10:59","date_gmt":"2024-07-13T13:10:59","guid":{"rendered":"https:\/\/cordoba.gob.ar\/?p=59487"},"modified":"2024-07-13T13:10:59","modified_gmt":"2024-07-13T13:10:59","slug":"vacaciones-de-invierno-ciclo-de-cine-para-las-infancias-y-toda-la-familia-en-el-centro-cultural-alta-cordoba","status":"publish","type":"post","link":"http:\/\/cordobadirecto.com\/index.php\/2024\/07\/13\/vacaciones-de-invierno-ciclo-de-cine-para-las-infancias-y-toda-la-familia-en-el-centro-cultural-alta-cordoba\/","title":{"rendered":"Vacaciones de invierno: ciclo de cine para las infancias y toda la familia en el Centro Cultural Alta C\u00f3rdoba"},"content":{"rendered":"<div><img src=\"http:\/\/cordobadirecto.com\/wp-content\/uploads\/2024\/07\/vacaciones-de-invierno-ciclo-de-cine-para-las-infancias-y-toda-la-familia-en-el-centro-cultural-alta-cordoba.jpg\" class=\"ff-og-image-inserted\"><\/div>\n<ul>\n<li><strong><strong>Ser\u00e1n los s\u00e1bados 13 y 20 de julio, a partir de las 17 horas, con entrada gratuita &nbsp;y cupo limitado.<\/strong><\/strong><br \/>\n<hr>\n<\/li>\n<\/ul>\n<p>Dos pel\u00edculas aclamadas por los m\u00e1s peque\u00f1os y adultos ser\u00e1n las protagonistas durante este s\u00e1bado 13 y 20 de julio en el ic\u00f3nico Centro Cultural Alta C\u00f3rdoba, ubicado en Rodr\u00edguez Pe\u00f1a esquina Jer\u00f3nimo Luis de Cabrera.<\/p>\n<p>Se trata de la elogiada pel\u00edcula de Pixar sobre las emociones con \u201cIntensamente 1\u201d y \u201cAlicia en el pa\u00eds de las maravillas\u201d, una de las historias m\u00e1s amadas de todos los tiempos.<\/p>\n<p>Con entrada gratuita y cupo limitado.<\/p>\n<p>Este s\u00e1bado 13, a las 17 horas, se proyectar\u00e1 \u201cIntensamente 1\u201d ; una ni\u00f1a y cinco de las emociones m\u00e1s predominantes en los seres humanos (alegr\u00eda, tristeza, ira, miedo y desagrado) son los din\u00e1micos protagonistas de esta divertida pel\u00edcula animada de los estudios Pixar, que de una forma muy l\u00fadica nos invita a reflexionar sobre el papel de las emociones en nuestra vida.<\/p>\n<p>Y &nbsp;para el 20 de&nbsp;julio, llega el turno del surrealista cl\u00e1sico animado de Disney \u201cAlicia en&nbsp;el pa\u00eds de las&nbsp;maravillas\u201d, donde su director Tim Burton recrea un mundo de f\u00e1bula de gran impacto visual.<\/p>\n","protected":false},"excerpt":{"rendered":"<p>Ser\u00e1n los s\u00e1bados 13 y 20 de julio, a partir de las 17 horas, con entrada gratuita &nbsp;y cupo limitado. Dos pel\u00edculas aclamadas por los m\u00e1s peque\u00f1os y adultos ser\u00e1n las protagonistas durante este s\u00e1bado 13 y 20 de julio en el ic\u00f3nico Centro Cultural Alta C\u00f3rdoba, ubicado en Rodr\u00edguez Pe\u00f1a esquina Jer\u00f3nimo Luis de [&hellip;]<\/p>\n","protected":false},"author":1,"featured_media":152744,"comment_status":"closed","ping_status":"closed","sticky":false,"template":"","format":"standard","meta":[],"categories":[44],"tags":[],"_links":{"self":[{"href":"http:\/\/cordobadirecto.com\/index.php\/wp-json\/wp\/v2\/posts\/152743"}],"collection":[{"href":"http:\/\/cordobadirecto.com\/index.php\/wp-json\/wp\/v2\/posts"}],"about":[{"href":"http:\/\/cordobadirecto.com\/index.php\/wp-json\/wp\/v2\/types\/post"}],"author":[{"embeddable":true,"href":"http:\/\/cordobadirecto.com\/index.php\/wp-json\/wp\/v2\/users\/1"}],"replies":[{"embeddable":true,"href":"http:\/\/cordobadirecto.com\/index.php\/wp-json\/wp\/v2\/comments?post=152743"}],"version-history":[{"count":0,"href":"http:\/\/cordobadirecto.com\/index.php\/wp-json\/wp\/v2\/posts\/152743\/revisions"}],"wp:featuredmedia":[{"embeddable":true,"href":"http:\/\/cordobadirecto.com\/index.php\/wp-json\/wp\/v2\/media\/152744"}],"wp:attachment":[{"href":"http:\/\/cordobadirecto.com\/index.php\/wp-json\/wp\/v2\/media?parent=152743"}],"wp:term":[{"taxonomy":"category","embeddable":true,"href":"http:\/\/cordobadirecto.com\/index.php\/wp-json\/wp\/v2\/categories?post=152743"},{"taxonomy":"post_tag","embeddable":true,"href":"http:\/\/cordobadirecto.com\/index.php\/wp-json\/wp\/v2\/tags?post=152743"}],"curies":[{"name":"wp","href":"https:\/\/api.w.org\/{rel}","templated":true}]}}