{"id":152745,"date":"2024-07-14T00:18:05","date_gmt":"2024-07-14T00:18:05","guid":{"rendered":"https:\/\/www.ole.com.ar\/autos\/agustin-canapino-indycar-2024-iowa-carrera-hoy-accidente-choque-largada_0_abB9txHDTv.html"},"modified":"2024-07-14T00:18:05","modified_gmt":"2024-07-14T00:18:05","slug":"se-accidento-canapino-y-tuvo-que-abandonar-en-la-primera-carrera-del-indycar-en-iowa","status":"publish","type":"post","link":"http:\/\/cordobadirecto.com\/index.php\/2024\/07\/14\/se-accidento-canapino-y-tuvo-que-abandonar-en-la-primera-carrera-del-indycar-en-iowa\/","title":{"rendered":"Se accident\u00f3 Canapino y tuvo que abandonar en la primera carrera del IndyCar en Iowa"},"content":{"rendered":"<p><time class=\"createDate\" datetime=\"2024-07-13T21:18:05-03:00\">14\/07\/2024 00:18hs.<\/time><time class=\"modificatedDate\" datetime=\"2024-07-13T21:32:50-03:00\"> Actualizado al 14\/07\/2024 00:32hs.<\/time><\/p>\n<div id=\"storyBody\">\n<div class=\"custom-text \" readability=\"37\">\n<p>La primera carrera de la <strong>IndyCar<\/strong> en Iowa termin\u00f3 abruptamente para <strong>Agust\u00edn Canapino<\/strong>: cuando los autos vieron la bandera verde para dar el primer giro, se produjo una colisi\u00f3n m\u00faltiple a partir del despiste de David Malukas, con el infortunio de que <strong>el Tit\u00e1n ven\u00eda en el pelot\u00f3n del medio y se lo llev\u00f3 puesto.<\/strong> A poner las fichas en el domingo.<\/p>\n<\/div>\n<div class=\"custom-text \" readability=\"40\">\n<p>El arrecife\u00f1o, quien se hab\u00eda clasificado 17\u00b0 y fue promovido al 16\u00b0 lugar por la penalizaci\u00f3n a Graham Rahal, no pudo completar ni siquiera una vuelta. Cuando transitaba por la parte externa de este corto \u00f3valo, Malukas perdi\u00f3 la cola del auto y se fue hacia el muro. Canapa intent\u00f3 abrirse para eludirlo, <strong>pero no hab\u00eda lugar para hacerlo, termin\u00f3 embisti\u00e9ndolo y rompiendo el auto contra la pared.<\/strong><\/p>\n<\/div>\n<div class=\"custom-text \" readability=\"37\">\n<p>El golpe no s\u00f3lo afect\u00f3 al piloto argentino sino tambi\u00e9n a<strong> su compa\u00f1ero del Juncos Hollinger Racing, Romain Grosjean<\/strong> (su auto recibi\u00f3 un da\u00f1o menor, pero tampoco pudo continuar), y Christian Lundgaard. <\/p>\n<\/div>\n<p><h2><strong>El choque de Canapino que lo oblig\u00f3 a abandonar en Iowa<\/strong><\/h2>\n<\/p>\n<div type=\"embed\" class=\"sc-3f46f5ae-0 djVTgz\">\n<div class=\"sc-3f46f5ae-1 fTjZec videoText\" id=\"contentTitleembed81ce5NFx\" type=\"embed\"><svg fill=\"#ffffff\"><symbol id=\"play\" viewBox=\"0 0 512 512\"><path d=\"M512 256C512 397.4 397.4 512 256 512C114.6 512 0 397.4 0 256C0 114.6 114.6 0 256 0C397.4 0 512 114.6 512 256zM176 168V344C176 352.7 180.7 360.7 188.3 364.9C195.8 369.2 205.1 369 212.5 364.5L356.5 276.5C363.6 272.1 368 264.4 368 256C368 247.6 363.6 239.9 356.5 235.5L212.5 147.5C205.1 142.1 195.8 142.8 188.3 147.1C180.7 151.3 176 159.3 176 168V168z\" \/><\/symbol><use xlink:href=\"#play\" \/><\/svg><\/p>\n<div class=\"right\">\n<p>Agust\u00edn Canapino<!-- --> &#8211;<!-- --> <span>&nbsp;<\/span><\/p>\n<h2 class=\"title-vid\">El choque de Canapino en la largada de la IndyCar en Iowa<\/h2>\n<\/div>\n<\/div>\n<p><span class=\"back\" id=\"spanBackembed81ce5NFx\"><\/span><\/div>\n<p><h2><strong>La segunda carrera de Canapino en Iowa: a qu\u00e9 hora corre y d\u00f3nde se puede ver<\/strong><\/h2>\n<\/p>\n<div class=\"custom-text \" readability=\"33.534772182254\">\n<p>No todo est\u00e1 perdido para Canapino en este fin de semana de IndyCar, ya que todav\u00eda queda una carrera por delante y lo ver\u00e1 partiendo desde su mejor posici\u00f3n hist\u00f3rica: <strong><a href=\"https:\/\/www.ole.com.ar\/autos\/agustin-canapino-indycar-2024-iowa-hoy-resultado-clasificacion-horario-carrera_0_LHk7Fm5jAe.html\" target=\"_self\" title=\"el #78 meti\u00f3 un 10\u00b0 puesto en la clasificaci\u00f3n\" alt=\"el #78 meti\u00f3 un 10\u00b0 puesto en la clasificaci\u00f3n\" rel=\"noopener\">el #78 meti\u00f3 un 10\u00b0 puesto en la clasificaci\u00f3n<\/a><\/strong>, su primer Top 10 desde que lleg\u00f3 a la categor\u00eda estadounidense. El evento se pondr\u00e1 en marcha <strong>a las 13 de este domingo<\/strong>, y ser\u00e1 transmitido \u00fanicamente por <strong>Disney+<\/strong> (en su versi\u00f3n Premium).<\/p>\n<\/div>\n<div class=\"sc-e7b891c4-0 jPbnQF\"><img alt=\"Agust\u00edn Canapino volver\u00e1 a la acci\u00f3n este domingo por la segunda carrera en Iowa. (Chris Jones)\" src=\"http:\/\/cordobadirecto.com\/wp-content\/uploads\/2024\/07\/se-accidento-canapino-y-tuvo-que-abandonar-en-la-primera-carrera-del-indycar-en-iowa.jpg\" width=\"720\" height=\"100\" decoding=\"async\" data-nimg=\"future\" loading=\"lazy\"><span class=\"epigraphe\">Agust\u00edn Canapino volver\u00e1 a la acci\u00f3n este domingo por la segunda carrera en Iowa. (Chris Jones)<\/span><\/div>\n<div class=\"sc-a7166897-0 exHLBh\" readability=\"6.5\">\n<section readability=\"3\"><picture><img alt=\"Agust\u00edn Canapino hizo su mejor clasificaci\u00f3n en la IndyCar, hoy en Iowa\" src=\"http:\/\/cordobadirecto.com\/wp-content\/uploads\/2024\/07\/se-accidento-canapino-y-tuvo-que-abandonar-en-la-primera-carrera-del-indycar-en-iowa-1.jpg\" width=\"290\" height=\"290\" decoding=\"async\" data-nimg=\"future\" loading=\"lazy\"><\/picture>\n<p><span>Mir\u00e1 tambi\u00e9n<\/span><\/p>\n<hr>\n<h3>Agust\u00edn Canapino hizo su mejor clasificaci\u00f3n en la IndyCar, hoy en Iowa<\/h3>\n<\/p>\n<\/section>\n<\/div>\n<div class=\"sc-a7166897-0 exHLBh\" readability=\"6.5\">\n<section readability=\"3\"><picture><img alt=\"Fall\u00f3 el sem\u00e1foro, hubo un choque m\u00faltiple y se reprogram\u00f3 la carrera\" src=\"http:\/\/cordobadirecto.com\/wp-content\/uploads\/2024\/07\/se-accidento-canapino-y-tuvo-que-abandonar-en-la-primera-carrera-del-indycar-en-iowa-2.jpg\" width=\"290\" height=\"290\" decoding=\"async\" data-nimg=\"future\" loading=\"lazy\"><\/picture>\n<p><span>Mir\u00e1 tambi\u00e9n<\/span><\/p>\n<hr>\n<h3>Fall\u00f3 el sem\u00e1foro, hubo un choque m\u00faltiple y se reprogram\u00f3 la carrera<\/h3>\n<\/p>\n<\/section>\n<\/div>\n<div class=\"sc-a7166897-0 exHLBh\" readability=\"6\">\n<section readability=\"2\"><picture><img alt=\"Canapino en Iowa: del resultado esperanzador al toque con Dixon\" src=\"http:\/\/cordobadirecto.com\/wp-content\/uploads\/2024\/07\/se-accidento-canapino-y-tuvo-que-abandonar-en-la-primera-carrera-del-indycar-en-iowa-3.jpg\" width=\"290\" height=\"290\" decoding=\"async\" data-nimg=\"future\" loading=\"lazy\"><\/picture>\n<p><span>Mir\u00e1 tambi\u00e9n<\/span><\/p>\n<hr>\n<h3>Canapino en Iowa: del resultado esperanzador al toque con Dixon<\/h3>\n<\/p>\n<\/section>\n<\/div>\n<\/div>\n","protected":false},"excerpt":{"rendered":"<p>14\/07\/2024 00:18hs. Actualizado al 14\/07\/2024 00:32hs. La primera carrera de la IndyCar en Iowa termin\u00f3 abruptamente para Agust\u00edn Canapino: cuando los autos vieron la bandera verde para dar el primer giro, se produjo una colisi\u00f3n m\u00faltiple a partir del despiste de David Malukas, con el infortunio de que el Tit\u00e1n ven\u00eda en el pelot\u00f3n del [&hellip;]<\/p>\n","protected":false},"author":1,"featured_media":152746,"comment_status":"closed","ping_status":"closed","sticky":false,"template":"","format":"standard","meta":[],"categories":[21],"tags":[],"_links":{"self":[{"href":"http:\/\/cordobadirecto.com\/index.php\/wp-json\/wp\/v2\/posts\/152745"}],"collection":[{"href":"http:\/\/cordobadirecto.com\/index.php\/wp-json\/wp\/v2\/posts"}],"about":[{"href":"http:\/\/cordobadirecto.com\/index.php\/wp-json\/wp\/v2\/types\/post"}],"author":[{"embeddable":true,"href":"http:\/\/cordobadirecto.com\/index.php\/wp-json\/wp\/v2\/users\/1"}],"replies":[{"embeddable":true,"href":"http:\/\/cordobadirecto.com\/index.php\/wp-json\/wp\/v2\/comments?post=152745"}],"version-history":[{"count":0,"href":"http:\/\/cordobadirecto.com\/index.php\/wp-json\/wp\/v2\/posts\/152745\/revisions"}],"wp:featuredmedia":[{"embeddable":true,"href":"http:\/\/cordobadirecto.com\/index.php\/wp-json\/wp\/v2\/media\/152746"}],"wp:attachment":[{"href":"http:\/\/cordobadirecto.com\/index.php\/wp-json\/wp\/v2\/media?parent=152745"}],"wp:term":[{"taxonomy":"category","embeddable":true,"href":"http:\/\/cordobadirecto.com\/index.php\/wp-json\/wp\/v2\/categories?post=152745"},{"taxonomy":"post_tag","embeddable":true,"href":"http:\/\/cordobadirecto.com\/index.php\/wp-json\/wp\/v2\/tags?post=152745"}],"curies":[{"name":"wp","href":"https:\/\/api.w.org\/{rel}","templated":true}]}}