{"id":152747,"date":"2024-07-13T21:06:57","date_gmt":"2024-07-13T21:06:57","guid":{"rendered":"https:\/\/www.ole.com.ar\/autos\/agustin-canapino-indycar-2024-iowa-hoy-resultado-clasificacion-horario-carrera_0_LHk7Fm5jAe.html"},"modified":"2024-07-13T21:06:57","modified_gmt":"2024-07-13T21:06:57","slug":"agustin-canapino-hizo-su-mejor-clasificacion-en-la-indycar-hoy-en-iowa","status":"publish","type":"post","link":"http:\/\/cordobadirecto.com\/index.php\/2024\/07\/13\/agustin-canapino-hizo-su-mejor-clasificacion-en-la-indycar-hoy-en-iowa\/","title":{"rendered":"Agust\u00edn Canapino hizo su mejor clasificaci\u00f3n en la IndyCar, hoy en Iowa"},"content":{"rendered":"<p><time class=\"createDate\" datetime=\"2024-07-13T18:06:57-03:00\">13\/07\/2024 21:06hs.<\/time><time class=\"modificatedDate\" datetime=\"2024-07-13T18:10:25-03:00\"> Actualizado al 13\/07\/2024 21:10hs.<\/time><\/p>\n<div id=\"storyBody\">\n<div class=\"custom-text \" readability=\"37.727969348659\">\n<p>En esta clasificaci\u00f3n doble de la IndyCar en Iowa, para las dos carreras que se disputar\u00e1n en este corto trazado (<a href=\"https:\/\/www.ole.com.ar\/autos\/agustin-canapino-indycar-iowa-corre-ver-tv_0_AR5aegpH1h.html\" target=\"_self\" title=\"una ser\u00e1 este s\u00e1bado, a las 21, y la otra el domingo, a las 13\" alt=\"una ser\u00e1 este s\u00e1bado, a las 21, y la otra el domingo, a las 13\" rel=\"noopener\">una ser\u00e1 este s\u00e1bado, a las 21, y la otra el domingo, a las 13<\/a>), <strong>Agust\u00edn Canapino cerr\u00f3 una grand\u00edsima jornada<\/strong>: fue de menos a m\u00e1s, firmando un tiempo modesto en su primer giro y otro muy bueno en el segundo (uno cont\u00f3 para la carrera 1 y el otro para la 2), y se llev\u00f3 una sonrisa de la tanda cronometrada. A no relajarse mucho, <strong>ya que dentro de algunas horas tendr\u00e1 que volver a subirse al auto.<\/strong><\/p>\n<\/div>\n<div class=\"custom-text \" readability=\"36\">\n<p><strong>El Tit\u00e1n fue el s\u00e9ptimo piloto en salir a la pista<\/strong>. Para la carrera sabatina firm\u00f3 un crono de <strong>17s526 <\/strong>(183,632 mph), mientras que para la dominical hizo un <strong>17s376<\/strong> (185,212 mph). <\/p>\n<\/div>\n<div class=\"custom-text \" readability=\"40\">\n<p>Terminada la jornada, algo convulsionada por la disputa de algunos pilotos de punta por hacer un nuevo giro,<strong> Canapino se clasific\u00f3 17\u00b0 para la primera carrera<\/strong> (por la sanci\u00f3n a Graham Rahal por un nuevo cambio de motor, subir\u00e1 un puesto y partir\u00e1 desde el 16\u00b0). Para la segunda, en tanto, <strong>qued\u00f3 10\u00b0 y as\u00ed firm\u00f3 su mejor qualy hist\u00f3rica en la categor\u00eda.<\/strong><\/p>\n<\/div>\n<div class=\"sc-e7b891c4-0 jPbnQF\"><img alt=\"Agust\u00edn Canapino vol\u00f3 en Iowa. (Chris Jones)\" src=\"http:\/\/cordobadirecto.com\/wp-content\/uploads\/2024\/07\/agustin-canapino-hizo-su-mejor-clasificacion-en-la-indycar-hoy-en-iowa.jpg\" width=\"720\" height=\"100\" decoding=\"async\" data-nimg=\"future\" loading=\"lazy\"><span class=\"epigraphe\">Agust\u00edn Canapino vol\u00f3 en Iowa. (Chris Jones)<\/span><\/div>\n<p><h2><strong>A qu\u00e9 hora va a correr Canapino en Iowa y d\u00f3nde se puede ver<\/strong><\/h2>\n<\/p>\n<div class=\"custom-text \" readability=\"39\">\n<p><strong>La primera carrera tendr\u00e1 lugar este s\u00e1bado a las 21<\/strong>. La acci\u00f3n del domingo, que a diferencia del resto de los fines de semana no contar\u00e1 con un warm up para darle inicio, se largar\u00e1 directamente con <strong>la segunda carrera, a las 13<\/strong>. Toda la actividad ser\u00e1 transmitida a trav\u00e9s de la plataforma <strong>Disney+<\/strong> (s\u00f3lo en su versi\u00f3n Premium), y no ir\u00e1 por televisi\u00f3n.<\/p>\n<\/div>\n<p><h2><strong>Todo lo que ten\u00e9s que saber de la carrera del IndyCar en Iowa<\/strong><\/h2>\n<\/p>\n<div class=\"custom-text \" readability=\"42\">\n<p>El Iowa Speedway, tambi\u00e9n conocido como<strong> la pista corta m\u00e1s r\u00e1pida del mundo<\/strong>, recibir\u00e1 al IndyCar una vez m\u00e1s. Con 1,4 kil\u00f3metros, tiene registros de vueltas de <strong>menos de 18 segundos<\/strong>, y fue Josef Newgarden quien festej\u00f3 en seis de las \u00faltimas siete finales disputadas. En la jornada del a\u00f1o pasado, el piloto del Juncos Hollinger Racing hizo una gran fecha, <strong>culminando 16\u00b0 en la primera carrera y 26\u00b0 en la segunda.<\/strong><\/p>\n<\/div>\n<div class=\"sc-a7166897-0 exHLBh\" readability=\"6\">\n<section readability=\"2\"><picture><img alt=\"Canapino en Iowa: del resultado esperanzador al toque con Dixon\" src=\"http:\/\/cordobadirecto.com\/wp-content\/uploads\/2024\/07\/agustin-canapino-hizo-su-mejor-clasificacion-en-la-indycar-hoy-en-iowa-1.jpg\" width=\"290\" height=\"290\" decoding=\"async\" data-nimg=\"future\" loading=\"lazy\"><\/picture>\n<p><span>Mir\u00e1 tambi\u00e9n<\/span><\/p>\n<hr>\n<h3>Canapino en Iowa: del resultado esperanzador al toque con Dixon<\/h3>\n<\/p>\n<\/section>\n<\/div>\n<div class=\"sc-a7166897-0 exHLBh\" readability=\"6.5\">\n<section readability=\"3\"><picture><img alt=\"Fall\u00f3 el sem\u00e1foro, hubo un choque m\u00faltiple y se reprogram\u00f3 la carrera\" src=\"http:\/\/cordobadirecto.com\/wp-content\/uploads\/2024\/07\/agustin-canapino-hizo-su-mejor-clasificacion-en-la-indycar-hoy-en-iowa-2.jpg\" width=\"290\" height=\"290\" decoding=\"async\" data-nimg=\"future\" loading=\"lazy\"><\/picture>\n<p><span>Mir\u00e1 tambi\u00e9n<\/span><\/p>\n<hr>\n<h3>Fall\u00f3 el sem\u00e1foro, hubo un choque m\u00faltiple y se reprogram\u00f3 la carrera<\/h3>\n<\/p>\n<\/section>\n<\/div>\n<div class=\"sc-a7166897-0 exHLBh\" readability=\"6\">\n<section readability=\"2\"><picture><img alt=\"Comparativa: qu\u00e9 piloto de F1 viene siendo el mejor en su escuder\u00eda\" src=\"http:\/\/cordobadirecto.com\/wp-content\/uploads\/2024\/07\/agustin-canapino-hizo-su-mejor-clasificacion-en-la-indycar-hoy-en-iowa-3.jpg\" width=\"290\" height=\"290\" decoding=\"async\" data-nimg=\"future\" loading=\"lazy\"><\/picture>\n<p><span>Mir\u00e1 tambi\u00e9n<\/span><\/p>\n<hr>\n<h3>Comparativa: qu\u00e9 piloto de F1 viene siendo el mejor en su escuder\u00eda<\/h3>\n<\/p>\n<\/section>\n<\/div>\n<\/div>\n","protected":false},"excerpt":{"rendered":"<p>13\/07\/2024 21:06hs. Actualizado al 13\/07\/2024 21:10hs. En esta clasificaci\u00f3n doble de la IndyCar en Iowa, para las dos carreras que se disputar\u00e1n en este corto trazado (una ser\u00e1 este s\u00e1bado, a las 21, y la otra el domingo, a las 13), Agust\u00edn Canapino cerr\u00f3 una grand\u00edsima jornada: fue de menos a m\u00e1s, firmando un tiempo [&hellip;]<\/p>\n","protected":false},"author":1,"featured_media":152748,"comment_status":"closed","ping_status":"closed","sticky":false,"template":"","format":"standard","meta":[],"categories":[21],"tags":[],"_links":{"self":[{"href":"http:\/\/cordobadirecto.com\/index.php\/wp-json\/wp\/v2\/posts\/152747"}],"collection":[{"href":"http:\/\/cordobadirecto.com\/index.php\/wp-json\/wp\/v2\/posts"}],"about":[{"href":"http:\/\/cordobadirecto.com\/index.php\/wp-json\/wp\/v2\/types\/post"}],"author":[{"embeddable":true,"href":"http:\/\/cordobadirecto.com\/index.php\/wp-json\/wp\/v2\/users\/1"}],"replies":[{"embeddable":true,"href":"http:\/\/cordobadirecto.com\/index.php\/wp-json\/wp\/v2\/comments?post=152747"}],"version-history":[{"count":0,"href":"http:\/\/cordobadirecto.com\/index.php\/wp-json\/wp\/v2\/posts\/152747\/revisions"}],"wp:featuredmedia":[{"embeddable":true,"href":"http:\/\/cordobadirecto.com\/index.php\/wp-json\/wp\/v2\/media\/152748"}],"wp:attachment":[{"href":"http:\/\/cordobadirecto.com\/index.php\/wp-json\/wp\/v2\/media?parent=152747"}],"wp:term":[{"taxonomy":"category","embeddable":true,"href":"http:\/\/cordobadirecto.com\/index.php\/wp-json\/wp\/v2\/categories?post=152747"},{"taxonomy":"post_tag","embeddable":true,"href":"http:\/\/cordobadirecto.com\/index.php\/wp-json\/wp\/v2\/tags?post=152747"}],"curies":[{"name":"wp","href":"https:\/\/api.w.org\/{rel}","templated":true}]}}