{"id":152770,"date":"2024-07-14T22:23:30","date_gmt":"2024-07-14T22:23:30","guid":{"rendered":"https:\/\/cordoba.gob.ar\/?p=59490"},"modified":"2024-07-14T22:23:30","modified_gmt":"2024-07-14T22:23:30","slug":"este-lunes-habra-jornadas-de-kermes-ambiental-musica-en-vivo-taller-de-cocina-torneos-cine-movil-y-mucho-mas","status":"publish","type":"post","link":"http:\/\/cordobadirecto.com\/index.php\/2024\/07\/14\/este-lunes-habra-jornadas-de-kermes-ambiental-musica-en-vivo-taller-de-cocina-torneos-cine-movil-y-mucho-mas\/","title":{"rendered":"Este lunes habr\u00e1 jornadas de kermes ambiental, m\u00fasica en vivo, taller de cocina, torneos, cine m\u00f3vil y mucho m\u00e1s"},"content":{"rendered":"<div><img src=\"http:\/\/cordobadirecto.com\/wp-content\/uploads\/2024\/07\/este-lunes-habra-jornadas-de-kermes-ambiental-musica-en-vivo-taller-de-cocina-torneos-cine-movil-y-mucho-mas.jpg\" class=\"ff-og-image-inserted\"><\/div>\n<p><strong>Todas las actividades son gratuitas.<\/strong><\/p>\n<hr>\n<p>En el marco de la Grilla de Actividades de los Parques Educativos, este lunes habr\u00e1 diversas actividades gratuitas para toda la familia.<\/p>\n<p>La jornada comenzar\u00e1 en el Parque Educativo Norte a las 14:00 horas. Los m\u00e1s peque\u00f1os podr\u00e1n disfrutar de un taller de cocina donde aprender\u00e1n sobre alimentos, porciones y frecuencias saludables.<\/p>\n<p>A las 15:00 horas en el Parque Educativo Sur, se llevar\u00e1 a cabo la jornada \u201cCOPA FIFA\u201d, competencia relacionada con los videojuegos que tiene por objetivo promover la pr\u00e1ctica de deportes electr\u00f3nicos y el entretenimiento inmersivo.<\/p>\n<p>El Centro de Encuentro Barrial La Tela a partir de las 15:00 horas recibe a la jornada ambiental, \u201cCrea tu aventura\u201d. Se trata de una actividad que ofrece actividades al aire libre, kermes ambiental, areneros arqueol\u00f3gicos, b\u00fasquedas del tesoro, entre otras propuestas.<\/p>\n<p>Finalmente, desde las 16:00 horas en el Parque Educativo Este se realizar\u00e1 la jornada \u201cCine M\u00f3vil\u201d donde proyectar\u00e1n la pel\u00edcula \u201cIntensamente\u201d.<\/p>\n<p>Toda la informaci\u00f3n sobre todas las actividades y sus horarios, se encuentra disponible en el siguiente <a href=\"https:\/\/drive.google.com\/file\/d\/1_WnrEN_jqfBNuK_hK9WLrZgYI1PGxdzC\/view\">link<\/a>.<\/p>\n","protected":false},"excerpt":{"rendered":"<p>Todas las actividades son gratuitas. En el marco de la Grilla de Actividades de los Parques Educativos, este lunes habr\u00e1 diversas actividades gratuitas para toda la familia. La jornada comenzar\u00e1 en el Parque Educativo Norte a las 14:00 horas. Los m\u00e1s peque\u00f1os podr\u00e1n disfrutar de un taller de cocina donde aprender\u00e1n sobre alimentos, porciones y [&hellip;]<\/p>\n","protected":false},"author":1,"featured_media":152771,"comment_status":"closed","ping_status":"closed","sticky":false,"template":"","format":"standard","meta":[],"categories":[44],"tags":[],"_links":{"self":[{"href":"http:\/\/cordobadirecto.com\/index.php\/wp-json\/wp\/v2\/posts\/152770"}],"collection":[{"href":"http:\/\/cordobadirecto.com\/index.php\/wp-json\/wp\/v2\/posts"}],"about":[{"href":"http:\/\/cordobadirecto.com\/index.php\/wp-json\/wp\/v2\/types\/post"}],"author":[{"embeddable":true,"href":"http:\/\/cordobadirecto.com\/index.php\/wp-json\/wp\/v2\/users\/1"}],"replies":[{"embeddable":true,"href":"http:\/\/cordobadirecto.com\/index.php\/wp-json\/wp\/v2\/comments?post=152770"}],"version-history":[{"count":0,"href":"http:\/\/cordobadirecto.com\/index.php\/wp-json\/wp\/v2\/posts\/152770\/revisions"}],"wp:featuredmedia":[{"embeddable":true,"href":"http:\/\/cordobadirecto.com\/index.php\/wp-json\/wp\/v2\/media\/152771"}],"wp:attachment":[{"href":"http:\/\/cordobadirecto.com\/index.php\/wp-json\/wp\/v2\/media?parent=152770"}],"wp:term":[{"taxonomy":"category","embeddable":true,"href":"http:\/\/cordobadirecto.com\/index.php\/wp-json\/wp\/v2\/categories?post=152770"},{"taxonomy":"post_tag","embeddable":true,"href":"http:\/\/cordobadirecto.com\/index.php\/wp-json\/wp\/v2\/tags?post=152770"}],"curies":[{"name":"wp","href":"https:\/\/api.w.org\/{rel}","templated":true}]}}