{"id":152773,"date":"2024-07-12T19:37:48","date_gmt":"2024-07-12T19:37:48","guid":{"rendered":"https:\/\/cordoba.gob.ar\/?p=59402"},"modified":"2024-07-12T19:37:48","modified_gmt":"2024-07-12T19:37:48","slug":"directivos-y-supervisores-participaron-de-una-jornada-taller-en-gestion-de-riesgos-en-entornos-escolares","status":"publish","type":"post","link":"http:\/\/cordobadirecto.com\/index.php\/2024\/07\/12\/directivos-y-supervisores-participaron-de-una-jornada-taller-en-gestion-de-riesgos-en-entornos-escolares\/","title":{"rendered":"Directivos y supervisores participaron de una jornada taller en Gesti\u00f3n de Riesgos en Entornos Escolares"},"content":{"rendered":"<div><img src=\"http:\/\/cordobadirecto.com\/wp-content\/uploads\/2024\/07\/directivos-y-supervisores-participaron-de-una-jornada-taller-en-gestion-de-riesgos-en-entornos-escolares.jpg\" class=\"ff-og-image-inserted\"><\/div>\n<ul>\n<li><strong>Conocieron c\u00f3mo actuar ante&nbsp;distintos tipos de eventos tanto naturales como antr\u00f3picos&nbsp;(incendios, tormentas severas, sismos).<\/strong><\/li>\n<li><strong><strong>Cada escuela adecuar\u00e1 el plan de contingencia a sus necesidades.<\/strong><\/strong><br \/>\n<hr>\n<\/li>\n<\/ul>\n<p>Directivos y supervisores de las 38 escuelas municipales se capacitaron sobre c\u00f3mo elaborar un plan de emergencias.<\/p>\n<p>La actividad, que se realiz\u00f3 en el sal\u00f3n \u00c1valos del Palacio 6 de Julio, busca brindar las herramientas para que cada establecimiento educativo pueda elaborar un plan de contingencia y\/o evacuaci\u00f3n en caso de ser necesario.<\/p>\n<p>Dentro de las contingencias que puedan llegar a suceder, se les dar\u00e1 a los educadores herramientas para saber c\u00f3mo actuar en caso de incendios, tanto dentro como fuera del establecimiento educativo, tormentas severas, sismos o toda aquella acci\u00f3n que pueda poner en peligro a las personas que se encuentren en ese momento en la escuela.<\/p>\n<p>La actividad fue convocada en conjunto por la Secretar\u00eda de Seguridad y Prevenci\u00f3n Comunitaria y la Secretar\u00eda de Educaci\u00f3n. El taller fue dictado por Defensa Civil a trav\u00e9s de la direcci\u00f3n de Capacitaci\u00f3n y Planificaci\u00f3n.<\/p>\n<p>Participaron 120 personas, quienes replicar\u00e1n los conocimientos adquiridos en sus establecimientos.<\/p>\n<p>Defensa Civil visitar\u00e1 las escuelas para colaborar en la elaboraci\u00f3n de un organigrama con roles que debe cumplir cada persona.<\/p>\n<p>Adem\u00e1s, est\u00e1 contemplado que estudiantes y toda aquella persona que desempe\u00f1e alguna tarea en la escuela, realicen cursos de RCP (Reanimaci\u00f3n Cardio-Pulmonar), Primeros Auxilios y Primera Respuesta Emocional.<\/p>\n<p>En ese sentido, ni\u00f1as, ni\u00f1os, j\u00f3venes y adultos pertenecientes al sistema educativo municipal podr\u00e1n transmitir los aprendizajes adquiridos en la escuela al interior de sus hogares, de modo tal que las familias puedan diagramar su plan de emergencia del hogar y en c\u00f3mo actuar en algunos casos en donde corra peligro la vida de sus integrantes.<\/p>\n<p>El Taller fue dictado por el director de Capacitaci\u00f3n y Planificaci\u00f3n, Fabi\u00e1n Freccia y estuvieron presentes el secretario de Seguridad y Prevenci\u00f3n Comunitaria, Claudio Vignetta; la secretaria de Educaci\u00f3n, Alicia La Terza; la subsecretaria de Educaci\u00f3n Inicial, Primaria y Modalidades, Sandra Martinelli y la directora de Gesti\u00f3n de Riesgos de Defensa Civil Alejandra Nogues.<\/p>\n","protected":false},"excerpt":{"rendered":"<p>Conocieron c\u00f3mo actuar ante&nbsp;distintos tipos de eventos tanto naturales como antr\u00f3picos&nbsp;(incendios, tormentas severas, sismos). Cada escuela adecuar\u00e1 el plan de contingencia a sus necesidades. Directivos y supervisores de las 38 escuelas municipales se capacitaron sobre c\u00f3mo elaborar un plan de emergencias. La actividad, que se realiz\u00f3 en el sal\u00f3n \u00c1valos del Palacio 6 de Julio, [&hellip;]<\/p>\n","protected":false},"author":1,"featured_media":152774,"comment_status":"closed","ping_status":"closed","sticky":false,"template":"","format":"standard","meta":[],"categories":[44],"tags":[],"_links":{"self":[{"href":"http:\/\/cordobadirecto.com\/index.php\/wp-json\/wp\/v2\/posts\/152773"}],"collection":[{"href":"http:\/\/cordobadirecto.com\/index.php\/wp-json\/wp\/v2\/posts"}],"about":[{"href":"http:\/\/cordobadirecto.com\/index.php\/wp-json\/wp\/v2\/types\/post"}],"author":[{"embeddable":true,"href":"http:\/\/cordobadirecto.com\/index.php\/wp-json\/wp\/v2\/users\/1"}],"replies":[{"embeddable":true,"href":"http:\/\/cordobadirecto.com\/index.php\/wp-json\/wp\/v2\/comments?post=152773"}],"version-history":[{"count":0,"href":"http:\/\/cordobadirecto.com\/index.php\/wp-json\/wp\/v2\/posts\/152773\/revisions"}],"wp:featuredmedia":[{"embeddable":true,"href":"http:\/\/cordobadirecto.com\/index.php\/wp-json\/wp\/v2\/media\/152774"}],"wp:attachment":[{"href":"http:\/\/cordobadirecto.com\/index.php\/wp-json\/wp\/v2\/media?parent=152773"}],"wp:term":[{"taxonomy":"category","embeddable":true,"href":"http:\/\/cordobadirecto.com\/index.php\/wp-json\/wp\/v2\/categories?post=152773"},{"taxonomy":"post_tag","embeddable":true,"href":"http:\/\/cordobadirecto.com\/index.php\/wp-json\/wp\/v2\/tags?post=152773"}],"curies":[{"name":"wp","href":"https:\/\/api.w.org\/{rel}","templated":true}]}}