{"id":152825,"date":"2024-07-16T00:31:25","date_gmt":"2024-07-16T00:31:25","guid":{"rendered":"https:\/\/puntoapunto.com.ar\/?p=362854"},"modified":"2024-07-16T00:31:25","modified_gmt":"2024-07-16T00:31:25","slug":"para-agendar-minino-garay-llega-con-su-espectaculo-speaking-tango-a-ciudad-de-las-artes","status":"publish","type":"post","link":"http:\/\/cordobadirecto.com\/index.php\/2024\/07\/16\/para-agendar-minino-garay-llega-con-su-espectaculo-speaking-tango-a-ciudad-de-las-artes\/","title":{"rendered":"Para agendar: Minino Garay llega con su espect\u00e1culo \u00abSpeaking Tango\u00bb a Ciudad de las Artes"},"content":{"rendered":"<p dir=\"ltr\">El<strong> viernes 6 de septiembre a las 21 horas<\/strong>,&nbsp;en la sala mayor del Teatro Ciudad de las Artes (Av. Pablo Richieri 1955) se presenta un repertorio especial mixturando los \u00faltimos \u00e1lbumes del<strong> percusionista Minino Garay (Speaking Tango) y el pianista Hernan Jacinto (Gardel)<\/strong>, acompa\u00f1ado por&nbsp;Flavio Romero junto a los artistas invitados: Daniela Dalmasso (flauta y voz), Pablo Jaurena (bandone\u00f3n) y Mutty Torezani.<\/p>\n<p dir=\"ltr\">En su extensa carrera Minino ha tocado y hecho tocar en la escena europea del jazz, las m\u00fasicas del mundo y las variedades, en escenarios diversos: festivales, teatros y clubes de jazz. En esta oportunidad presenta un repaso por su innovador proyecto musical&nbsp;Speaking Tango,&nbsp;un trabajo que&nbsp;combina la poes\u00eda hablada con los ritmos cautivadores del tango y el jazz, creando una fusi\u00f3n \u00fanica&nbsp;que trasciende los l\u00edmites musicales tradicionales.<\/p>\n<p dir=\"ltr\">Al respecto la prensa internacional destaca<strong>:&nbsp;\u00abSpeaking Tango&nbsp;no es solo un \u00e1lbum, es una odisea musical que captura la esencia del tango argentino a trav\u00e9s del lente de la poes\u00eda hablada\u00bb.<\/strong><\/p>\n<p dir=\"ltr\">El \u00e1lbum fue grabado entre Par\u00eds y Buenos Aires,&nbsp; mezclado en Nueva York bajo la direcci\u00f3n art\u00edstica conjunta de Garay y Philippe Teissier Du Cros, y editado por Sunnyside Records, el \u00e1lbum es un viaje musical transatl\u00e1ntico que&nbsp; presenta una alineaci\u00f3n estelar de m\u00fasicos, incluidos Pipi Piazzola, Manu Codjia, Leo Genovese, Andre Ceccarelli, Christophe Wallemme, Flavio Romero, Hern\u00e1n Jacinto, Melingo, David Linx y Magic Malik. Este conjunto combina magistralmente los ritmos de las tradiciones argentinas y el jazz, creando un tel\u00f3n de fondo musical rico y preciso para las recitaciones po\u00e9ticas de Garay.<\/p>\n<p dir=\"ltr\"><strong>Las entradas anticipadas pueden adquirirse a trav\u00e9s del sistema autoentrada en el siguiente link:&nbsp;<a href=\"https:\/\/bit.ly\/4cr6vFh\" target=\"_blank\" rel=\"noopener\" data-saferedirecturl=\"https:\/\/www.google.com\/url?q=https:\/\/bit.ly\/4cr6vFh&amp;source=gmail&amp;ust=1721139038202000&amp;usg=AOvVaw24oLiPJn_4cF34U17XJP0P\">https:\/\/bit.ly\/4cr6vFh<\/a><\/strong><\/p>\n<p dir=\"ltr\"><img decoding=\"async\" class=\"aligncenter wp-image-362855 size-full\" src=\"http:\/\/cordobadirecto.com\/wp-content\/uploads\/2024\/07\/para-agendar-minino-garay-llega-con-su-espectaculo-speaking-tango-a-ciudad-de-las-artes.png\" alt width=\"1080\" height=\"1350\" srcset=\"http:\/\/cordobadirecto.com\/wp-content\/uploads\/2024\/07\/para-agendar-minino-garay-llega-con-su-espectaculo-speaking-tango-a-ciudad-de-las-artes.png 1080w, http:\/\/cordobadirecto.com\/wp-content\/uploads\/2024\/07\/para-agendar-minino-garay-llega-con-su-espectaculo-speaking-tango-a-ciudad-de-las-artes-1.png 240w, http:\/\/cordobadirecto.com\/wp-content\/uploads\/2024\/07\/para-agendar-minino-garay-llega-con-su-espectaculo-speaking-tango-a-ciudad-de-las-artes-2.png 819w, http:\/\/cordobadirecto.com\/wp-content\/uploads\/2024\/07\/para-agendar-minino-garay-llega-con-su-espectaculo-speaking-tango-a-ciudad-de-las-artes-3.png 768w, http:\/\/cordobadirecto.com\/wp-content\/uploads\/2024\/07\/para-agendar-minino-garay-llega-con-su-espectaculo-speaking-tango-a-ciudad-de-las-artes-4.png 750w\" sizes=\"(max-width: 1080px) 100vw, 1080px\" loading=\"lazy\"><\/p>\n<p dir=\"ltr\">El viaje musical de Minino Garay ha sido diverso y ecl\u00e9ctico. Arraigado en el mundo del jazz, perfeccion\u00f3 su arte junto a leyendas argentinas como Mercedes Sosa y Jairo. Durante sus tres d\u00e9cadas en Francia, Garay ampli\u00f3 sus horizontes musicales, profundizando en la m\u00fasica brasile\u00f1a y africana, colaborando con luminarias como Hermeto Pascoal, Toumani Diabat\u00e9, Cheik Tidiane Seck y Richard Bona. Esta paleta musical diversa informa los paisajes sonoros \u00fanicos que crea.<\/p>\n<p dir=\"ltr\">Garay qued\u00f3 fuertemente impresionado por la poeta Dana Bryant, una figura fundamental en el g\u00e9nero de la palabra hablada, y marc\u00f3 un punto de inflexi\u00f3n en su exploraci\u00f3n art\u00edstica. Inspirado por el movimiento de palabra hablada de Nueva York de finales de los a\u00f1os sesenta, m\u00e1s tarde conocido como \u00abslam\u00bb, Garay acu\u00f1\u00f3 el t\u00e9rmino \u00abSpeaking Tango\u00bb para describir su proceso musical. Se trata de recitar los textos de canciones cl\u00e1sicas argentinas en lugar de cantarlas, creando un universo musical sensual y directo que resuena en el p\u00fablico.<\/p>\n<p dir=\"ltr\"><strong>\u00abSpeaking Tango\u00bb&nbsp;<\/strong>es el innovador proyecto musical del reconocido percusionista y compositor argentino, Minino Garay. El proyecto no s\u00f3lo rinde homenaje a la rica herencia cultural del tango argentino sino que tambi\u00e9n explora las intersecciones entre la<strong> poes\u00eda, el jazz y la palabra hablada<\/strong>.Las palabras cuidadosamente elegidas en \u00abHablando Tango\u00bb abarcan siglos e invocan temas de amor, erotismo, pol\u00edtica y vida cotidiana. El \u00e1lbum entrelaza versos de poetas como <strong>Gustavo Adolfo B\u00e9cquer, Baldomero Fern\u00e1ndez Moreno, Catulo Castillo y colaboradores contempor\u00e1neos como Adriana Cattanio y Eduardo Torezani.<\/strong><\/p>\n","protected":false},"excerpt":{"rendered":"<p>El viernes 6 de septiembre a las 21 horas,&nbsp;en la sala mayor del Teatro Ciudad de las Artes (Av. Pablo Richieri 1955) se presenta un repertorio especial mixturando los \u00faltimos \u00e1lbumes del percusionista Minino Garay (Speaking Tango) y el pianista Hernan Jacinto (Gardel), acompa\u00f1ado por&nbsp;Flavio Romero junto a los artistas invitados: Daniela Dalmasso (flauta y [&hellip;]<\/p>\n","protected":false},"author":1,"featured_media":152826,"comment_status":"closed","ping_status":"closed","sticky":false,"template":"","format":"standard","meta":[],"categories":[25],"tags":[],"_links":{"self":[{"href":"http:\/\/cordobadirecto.com\/index.php\/wp-json\/wp\/v2\/posts\/152825"}],"collection":[{"href":"http:\/\/cordobadirecto.com\/index.php\/wp-json\/wp\/v2\/posts"}],"about":[{"href":"http:\/\/cordobadirecto.com\/index.php\/wp-json\/wp\/v2\/types\/post"}],"author":[{"embeddable":true,"href":"http:\/\/cordobadirecto.com\/index.php\/wp-json\/wp\/v2\/users\/1"}],"replies":[{"embeddable":true,"href":"http:\/\/cordobadirecto.com\/index.php\/wp-json\/wp\/v2\/comments?post=152825"}],"version-history":[{"count":0,"href":"http:\/\/cordobadirecto.com\/index.php\/wp-json\/wp\/v2\/posts\/152825\/revisions"}],"wp:featuredmedia":[{"embeddable":true,"href":"http:\/\/cordobadirecto.com\/index.php\/wp-json\/wp\/v2\/media\/152826"}],"wp:attachment":[{"href":"http:\/\/cordobadirecto.com\/index.php\/wp-json\/wp\/v2\/media?parent=152825"}],"wp:term":[{"taxonomy":"category","embeddable":true,"href":"http:\/\/cordobadirecto.com\/index.php\/wp-json\/wp\/v2\/categories?post=152825"},{"taxonomy":"post_tag","embeddable":true,"href":"http:\/\/cordobadirecto.com\/index.php\/wp-json\/wp\/v2\/tags?post=152825"}],"curies":[{"name":"wp","href":"https:\/\/api.w.org\/{rel}","templated":true}]}}