{"id":152831,"date":"2024-07-15T19:16:46","date_gmt":"2024-07-15T19:16:46","guid":{"rendered":"https:\/\/cordoba.gob.ar\/?p=59546"},"modified":"2024-07-15T19:16:46","modified_gmt":"2024-07-15T19:16:46","slug":"durante-la-segunda-semana-de-las-vacaciones-de-invierno-los-cpc-traen-nuevas-propuestas-para-que-disfruten-infancias-y-familia","status":"publish","type":"post","link":"http:\/\/cordobadirecto.com\/index.php\/2024\/07\/15\/durante-la-segunda-semana-de-las-vacaciones-de-invierno-los-cpc-traen-nuevas-propuestas-para-que-disfruten-infancias-y-familia\/","title":{"rendered":"Durante la segunda semana de las vacaciones de invierno, los CPC traen nuevas propuestas para que disfruten infancias y familia"},"content":{"rendered":"<div><img src=\"http:\/\/cordobadirecto.com\/wp-content\/uploads\/2024\/07\/durante-la-segunda-semana-de-las-vacaciones-de-invierno-los-cpc-traen-nuevas-propuestas-para-que-disfruten-infancias-y-familia.jpg\" class=\"ff-og-image-inserted\"><\/div>\n<ul>\n<li><strong><strong>Habr\u00e1 pel\u00edculas, t\u00edteres y arte, entre otras actividades en los CPC y otros espacios p\u00fablicos.<\/strong><\/strong><br \/>\n<hr>\n<\/li>\n<\/ul>\n<p>Contin\u00faan las vacaciones de invierno y desde los Centro de Participaci\u00f3n Comunal (CPC), traen diversas propuestas para que ni\u00f1os, ni\u00f1as y adultos puedan disfrutar de un momento de esparcimiento a pocas cuadras de sus hogares.<\/p>\n<p>Desde este lunes 15 y hasta el pr\u00f3ximo viernes a partir de las 10:00 horas, en las instalaciones del CPC Arg\u00fcello, ni\u00f1os y ni\u00f1as podr\u00e1n disfrutar de la \u201cEscuelita Art\u00edstica\u201d, una propuesta l\u00fadica para desarrollar sus habilidades creativas.<\/p>\n<p>En tanto que uno de los principales atractivos para aprovechar al m\u00e1ximo estos ultimos d\u00e1s de vacaciones de invierno es el \u201cCine M\u00f3vil\u201d, actividad que se realizar\u00e1 todos los d\u00edas de \u00e9sta seman en todos los CPC. En los sitios que se encuentran en lugares accesibles para los vecinos y vecinas, se proyectar\u00e1n pel\u00edculas para que las infancias y la familia se deleiten con los films predilectos de los m\u00e1s peque\u00f1os del hogar.<\/p>\n<p>Aquellos que est\u00e9n interesados en participar de las actividades, libres y gratuitas, pueden consultar el siguiente <a href=\"https:\/\/docs.google.com\/document\/d\/1UjST7wcCxzFopeafKzhJF5GS0PF1byDjwrQ-u_GaliM\/edit\">enlace<\/a>, en donde encontrar\u00e1n d\u00edas y horarios en las que se llevar\u00e1n a cabo en los diferentes CPC.<\/p>\n","protected":false},"excerpt":{"rendered":"<p>Habr\u00e1 pel\u00edculas, t\u00edteres y arte, entre otras actividades en los CPC y otros espacios p\u00fablicos. Contin\u00faan las vacaciones de invierno y desde los Centro de Participaci\u00f3n Comunal (CPC), traen diversas propuestas para que ni\u00f1os, ni\u00f1as y adultos puedan disfrutar de un momento de esparcimiento a pocas cuadras de sus hogares. Desde este lunes 15 y [&hellip;]<\/p>\n","protected":false},"author":1,"featured_media":152832,"comment_status":"closed","ping_status":"closed","sticky":false,"template":"","format":"standard","meta":[],"categories":[44],"tags":[],"_links":{"self":[{"href":"http:\/\/cordobadirecto.com\/index.php\/wp-json\/wp\/v2\/posts\/152831"}],"collection":[{"href":"http:\/\/cordobadirecto.com\/index.php\/wp-json\/wp\/v2\/posts"}],"about":[{"href":"http:\/\/cordobadirecto.com\/index.php\/wp-json\/wp\/v2\/types\/post"}],"author":[{"embeddable":true,"href":"http:\/\/cordobadirecto.com\/index.php\/wp-json\/wp\/v2\/users\/1"}],"replies":[{"embeddable":true,"href":"http:\/\/cordobadirecto.com\/index.php\/wp-json\/wp\/v2\/comments?post=152831"}],"version-history":[{"count":0,"href":"http:\/\/cordobadirecto.com\/index.php\/wp-json\/wp\/v2\/posts\/152831\/revisions"}],"wp:featuredmedia":[{"embeddable":true,"href":"http:\/\/cordobadirecto.com\/index.php\/wp-json\/wp\/v2\/media\/152832"}],"wp:attachment":[{"href":"http:\/\/cordobadirecto.com\/index.php\/wp-json\/wp\/v2\/media?parent=152831"}],"wp:term":[{"taxonomy":"category","embeddable":true,"href":"http:\/\/cordobadirecto.com\/index.php\/wp-json\/wp\/v2\/categories?post=152831"},{"taxonomy":"post_tag","embeddable":true,"href":"http:\/\/cordobadirecto.com\/index.php\/wp-json\/wp\/v2\/tags?post=152831"}],"curies":[{"name":"wp","href":"https:\/\/api.w.org\/{rel}","templated":true}]}}