{"id":152857,"date":"2024-07-14T12:49:11","date_gmt":"2024-07-14T12:49:11","guid":{"rendered":"https:\/\/www.ole.com.ar\/autos\/alex-palou-interes-correr-turismo-carretera-indycar-ofrecimiento-canapino_0_9Oxpi1h65J.html"},"modified":"2024-07-14T12:49:11","modified_gmt":"2024-07-14T12:49:11","slug":"bombazo-el-multiple-campeon-de-la-indycar-que-se-quiere-subir-a-un-tc","status":"publish","type":"post","link":"http:\/\/cordobadirecto.com\/index.php\/2024\/07\/14\/bombazo-el-multiple-campeon-de-la-indycar-que-se-quiere-subir-a-un-tc\/","title":{"rendered":"Bombazo: el m\u00faltiple campe\u00f3n de la IndyCar que se quiere subir a un TC"},"content":{"rendered":"<p><time class=\"createDate\" datetime=\"2024-07-14T09:49:11-03:00\">14\/07\/2024 09:49hs.<\/time><\/p>\n<div id=\"storyBody\">\n<div class=\"custom-text \" readability=\"41.369207772795\">\n<p>Despu\u00e9s de la <strong><a href=\"https:\/\/www.ole.com.ar\/autos\/tc-turismo-carretera-posadas-2024-hoy-vivo-carrera-horario-hora-ver-tv-online_0_HiTRjcn9JZ.html\" target=\"_blank\" title=\"octava fecha celebrada en Posadas\" alt=\"octava fecha celebrada en Posadas\" rel=\"noopener\">octava fecha celebrada en Posadas<\/a><\/strong>, el <strong>Turismo Carretera<\/strong> entr\u00f3 en un receso de tres semanas hasta su desembarco en el Villicum de San Juan. Y, en ese sentido, <strong>Hugo Mazzacane<\/strong>, presidente de la ACTC, aprovech\u00f3 unos d\u00edas libres para viajar rumbo a los Estados Unidos y reunirse con autoridades de la <strong>IndyCar<\/strong>. Si bien estuvo <strong><a href=\"https:\/\/www.ole.com.ar\/autos\/agustin-canapino-indycar-iowa-corre-ver-tv_0_AR5aegpH1h.html\" target=\"_blank\" title=\"en Iowa\" alt=\"en Iowa\" rel=\"noopener\">en Iowa<\/a><\/strong> con <strong>Agust\u00edn Canapino<\/strong> y Ricardo Juncos, tambi\u00e9n aprovech\u00f3 para estudiar posibles mejoras para traer a la categor\u00eda reina nacional. Ahora bien, de paso tuvo un di\u00e1logo informal con <strong>Alex Palou<\/strong>, bicampe\u00f3n del certamen estadounidense y l\u00edder del torneo actual, y le ofreci\u00f3 una butaca para venir a probar a la Argentina. <\/p>\n<\/div>\n<div class=\"custom-text \" readability=\"40\">\n<p>&#8220;Quer\u00eda mirar algunas cositas para el TC, le promet\u00ed a Agust\u00edn que iba a estar este fin de semana. Estamos mirando las cosas que son excelentes y nos llevamos cosas para mejorar la infraestructura. <strong>Ser un poco m\u00e1s prolijos en algunas cosas<\/strong>. Pasamos dos d\u00edas felices&#8221;, dijo. Y cont\u00f3 sobre el encuentro con el piloto de McLaren: &#8220;Aunque no vaya a correr, le dije (a Palou) que venga como invitado nuestro.<strong> Dijo que iba a venir, a correr, a probar el auto y que seguramente si le ca\u00eda bien iba a estar en la \u00faltima carrera del a\u00f1o<\/strong>&#8220;.<\/p>\n<\/div>\n<div class=\"sc-e7b891c4-0 jPbnQF\"><img alt=\"El dos veces campe\u00f3n de IndyCar (2021 y 2023) tiene ganas de probar un Mustang. (AP)\" src=\"http:\/\/cordobadirecto.com\/wp-content\/uploads\/2024\/07\/bombazo-el-multiple-campeon-de-la-indycar-que-se-quiere-subir-a-un-tc.jpg\" width=\"720\" height=\"100\" decoding=\"async\" data-nimg=\"future\" loading=\"lazy\"><span class=\"epigraphe\">El dos veces campe\u00f3n de IndyCar (2021 y 2023) tiene ganas de probar un Mustang. (AP)<\/span><\/div>\n<div class=\"custom-text \" readability=\"35.364312267658\">\n<p>Adem\u00e1s, Canapino, que tuvo un choque con David Malukas y <strong><a href=\"https:\/\/www.ole.com.ar\/autos\/agustin-canapino-indycar-2024-iowa-carrera-hoy-accidente-choque-largada_0_abB9txHDTv.html\" target=\"_blank\" title=\"no pudo completar ni siquiera el primer giro de competencia\" alt=\"no pudo completar ni siquiera el primer giro de competencia\" rel=\"noopener\">no pudo completar ni siquiera el primer giro de competencia<\/a><\/strong> en el \u00f3valo, ampli\u00f3: &#8220;<strong>Le met\u00ed presi\u00f3n al mejor piloto del mundo. <\/strong>Conoce el TC, vio <strong><a href=\"https:\/\/www.ole.com.ar\/autos\/tc-turismo-carretera-buenos-aires-autodromo-galvez-cuestan-entradas-comprar_0_sfCoYTijCr.html\" target=\"_blank\" title=\"la carrera de Buenos Aires\" alt=\"la carrera de Buenos Aires\" rel=\"noopener\">la carrera de Buenos Aires<\/a><\/strong> del a\u00f1o pasado. Creo que lo va a disfrutar como nadie, porque tenemos una categor\u00eda \u00fanica en el mundo. Ojal\u00e1 pueda venir a disfrutar. Me encantar\u00eda que sea con Camaro, pero no puede por contrato. <strong>Le mostramos el Mustang de Werner<\/strong>, as\u00ed que Mariano ten\u00e9 cuidado que tal vez te saca la butaca (risas)&#8221;.<\/p>\n<\/div>\n<div class=\"custom-text \" readability=\"40\">\n<p>Por su parte, Palou no esquiv\u00f3 la propuesta y avis\u00f3: &#8220;<strong>Me gustar\u00eda subirme a un Mustang, seguramente para un test privado<\/strong>, para dar unas vueltas y despu\u00e9s quedarme de espectador. Creo que no habr\u00eda problema. Me gustar\u00eda probar un TC&#8221;. Si bien las charlas fueron para que tuviera un acercamiento a un auto, la realidad es que la idea de la ACTC pasa porque el oriundo de San Antonio Vilamajor de 27 a\u00f1os pueda decir presente en el Gran Premio Coronaci\u00f3n, correspondiente a la 15\u00aa jornada del campeonato. <\/p>\n<\/div>\n<div class=\"sc-e7b891c4-0 jPbnQF\"><img alt=\"El Mustang de Mariano Werner. (Prensa Turismo Carretera)\" src=\"http:\/\/cordobadirecto.com\/wp-content\/uploads\/2024\/07\/bombazo-el-multiple-campeon-de-la-indycar-que-se-quiere-subir-a-un-tc-1.jpg\" width=\"720\" height=\"100\" decoding=\"async\" data-nimg=\"future\" loading=\"lazy\"><span class=\"epigraphe\">El Mustang de Mariano Werner. (Prensa Turismo Carretera)<\/span><\/div>\n<div class=\"custom-text \" readability=\"35\">\n<p>&#8220;En principio vendr\u00e1 a ver la carrera y a probar. Si se anima o le cae bien el auto, va querer ganar y vamos a tener la presencia de \u00e9l en la \u00faltima carrera del a\u00f1o&#8221;, cerr\u00f3 Mazzacane.<\/p>\n<\/div>\n<p><h2><strong>\u00bfCu\u00e1ndo vuelve a correr el TC?<\/strong><\/h2>\n<\/p>\n<div class=\"custom-text \" readability=\"36\">\n<p>El 28 de julio se llevar\u00e1 a cabo la novena fecha del TC, en San Juan. Ser\u00e1 la ante\u00faltima de la etapa regular, por lo que varios pilotos buscar\u00e1n los puntos para meterse entre los 12 primeros que se meter\u00e1n en la Copa de Oro. <\/p>\n<\/div>\n<div class=\"sc-a7166897-0 exHLBh\" readability=\"6\">\n<section readability=\"2\"><picture><img alt=\"Se accident\u00f3 Canapino y tuvo que abandonar en la primera carrera del IndyCar en Iowa\" src=\"http:\/\/cordobadirecto.com\/wp-content\/uploads\/2024\/07\/bombazo-el-multiple-campeon-de-la-indycar-que-se-quiere-subir-a-un-tc-2.jpg\" width=\"290\" height=\"290\" decoding=\"async\" data-nimg=\"future\" loading=\"lazy\"><\/picture>\n<p><span>Mir\u00e1 tambi\u00e9n<\/span><\/p>\n<hr>\n<h3>Se accident\u00f3 Canapino y tuvo que abandonar en la primera carrera del IndyCar en Iowa<\/h3>\n<\/p>\n<\/section>\n<\/div>\n<div class=\"sc-a7166897-0 exHLBh\" readability=\"6.5\">\n<section readability=\"3\"><picture><img alt=\"Agust\u00edn Canapino hizo su mejor clasificaci\u00f3n en la IndyCar, hoy en Iowa\" src=\"http:\/\/cordobadirecto.com\/wp-content\/uploads\/2024\/07\/bombazo-el-multiple-campeon-de-la-indycar-que-se-quiere-subir-a-un-tc-3.jpg\" width=\"290\" height=\"290\" decoding=\"async\" data-nimg=\"future\" loading=\"lazy\"><\/picture>\n<p><span>Mir\u00e1 tambi\u00e9n<\/span><\/p>\n<hr>\n<h3>Agust\u00edn Canapino hizo su mejor clasificaci\u00f3n en la IndyCar, hoy en Iowa<\/h3>\n<\/p>\n<\/section>\n<\/div>\n<\/div>\n","protected":false},"excerpt":{"rendered":"<p>14\/07\/2024 09:49hs. Despu\u00e9s de la octava fecha celebrada en Posadas, el Turismo Carretera entr\u00f3 en un receso de tres semanas hasta su desembarco en el Villicum de San Juan. Y, en ese sentido, Hugo Mazzacane, presidente de la ACTC, aprovech\u00f3 unos d\u00edas libres para viajar rumbo a los Estados Unidos y reunirse con autoridades de [&hellip;]<\/p>\n","protected":false},"author":1,"featured_media":152858,"comment_status":"closed","ping_status":"closed","sticky":false,"template":"","format":"standard","meta":[],"categories":[21],"tags":[],"_links":{"self":[{"href":"http:\/\/cordobadirecto.com\/index.php\/wp-json\/wp\/v2\/posts\/152857"}],"collection":[{"href":"http:\/\/cordobadirecto.com\/index.php\/wp-json\/wp\/v2\/posts"}],"about":[{"href":"http:\/\/cordobadirecto.com\/index.php\/wp-json\/wp\/v2\/types\/post"}],"author":[{"embeddable":true,"href":"http:\/\/cordobadirecto.com\/index.php\/wp-json\/wp\/v2\/users\/1"}],"replies":[{"embeddable":true,"href":"http:\/\/cordobadirecto.com\/index.php\/wp-json\/wp\/v2\/comments?post=152857"}],"version-history":[{"count":0,"href":"http:\/\/cordobadirecto.com\/index.php\/wp-json\/wp\/v2\/posts\/152857\/revisions"}],"wp:featuredmedia":[{"embeddable":true,"href":"http:\/\/cordobadirecto.com\/index.php\/wp-json\/wp\/v2\/media\/152858"}],"wp:attachment":[{"href":"http:\/\/cordobadirecto.com\/index.php\/wp-json\/wp\/v2\/media?parent=152857"}],"wp:term":[{"taxonomy":"category","embeddable":true,"href":"http:\/\/cordobadirecto.com\/index.php\/wp-json\/wp\/v2\/categories?post=152857"},{"taxonomy":"post_tag","embeddable":true,"href":"http:\/\/cordobadirecto.com\/index.php\/wp-json\/wp\/v2\/tags?post=152857"}],"curies":[{"name":"wp","href":"https:\/\/api.w.org\/{rel}","templated":true}]}}