{"id":152904,"date":"2024-07-13T19:48:15","date_gmt":"2024-07-13T19:48:15","guid":{"rendered":"https:\/\/www.ole.com.ar\/autos\/choque-accidente-multiple-fallo-semaforo-carrera-f4-formula-4-britanica-zandvoort_0_tEjtH7voXZ.html"},"modified":"2024-07-13T19:48:15","modified_gmt":"2024-07-13T19:48:15","slug":"fallo-el-semaforo-hubo-un-choque-multiple-y-se-reprogramo-la-carrera","status":"publish","type":"post","link":"http:\/\/cordobadirecto.com\/index.php\/2024\/07\/13\/fallo-el-semaforo-hubo-un-choque-multiple-y-se-reprogramo-la-carrera\/","title":{"rendered":"Fall\u00f3 el sem\u00e1foro, hubo un choque m\u00faltiple y se reprogram\u00f3 la carrera"},"content":{"rendered":"<p><time class=\"createDate\" datetime=\"2024-07-13T16:48:15-03:00\">13\/07\/2024 16:48hs.<\/time><\/p>\n<div id=\"storyBody\">\n<div class=\"custom-text \" readability=\"40\">\n<p>Al momento de largar, <strong>los ojos de todos los pilotos est\u00e1n puestos en el sem\u00e1foro<\/strong>. \u00bfEl objetivo? Reaccionar lo m\u00e1s r\u00e1pido posible al cambio de la luz, arrancar y ganar el mayor terreno posible. Desde ah\u00ed se puede entender c\u00f3mo la <strong>F\u00f3rmula 4 Brit\u00e1nica<\/strong>, que este fin de semana est\u00e1 corriendo en Zandvoort, Pa\u00edses Bajos, sufri\u00f3 un<strong> choque m\u00faltiple<\/strong> que dej\u00f3 varios autos en el camino en la largada. <strong>Mir\u00e1 el video de este bizarro incidente.<\/strong><\/p>\n<\/div>\n<div class=\"sc-e7b891c4-0 jPbnQF\"><img alt=\"La F4 Brit\u00e1nica no pudo hacer ni una vuelta en la segunda carrera en Zandvoort.\" src=\"http:\/\/cordobadirecto.com\/wp-content\/uploads\/2024\/07\/fallo-el-semaforo-hubo-un-choque-multiple-y-se-reprogramo-la-carrera.jpg\" width=\"720\" height=\"100\" decoding=\"async\" data-nimg=\"future\" loading=\"lazy\"><span class=\"epigraphe\">La F4 Brit\u00e1nica no pudo hacer ni una vuelta en la segunda carrera en Zandvoort.<\/span><\/div>\n<div class=\"custom-text \" readability=\"41\">\n<p>Lo que pas\u00f3 en la segunda carrera de la F4 Brit\u00e1nica en suelo neerland\u00e9s fue que el sem\u00e1foro pas\u00f3 de mostrar luces rojas a apagarse, d\u00e1ndole inicio al evento, <strong>pero enseguida se volvieron a encender los focos<\/strong>. Eso motiv\u00f3 a una confusi\u00f3n general, con algunos autos partiendo, otros est\u00e1ticos esperando una resoluci\u00f3n y, en definitiva, <strong>con una grand\u00edsima apilada.<\/strong><\/p>\n<\/div>\n<div class=\"custom-text \" readability=\"39\">\n<p>A partir del incidente, y de los abandonos que se produjeron, la decisi\u00f3n de la organizaci\u00f3n fue <strong>postergar la carrera para el d\u00eda siguiente<\/strong>: &#8220;Desafortunadamente, debido a un incidente al inicio de la carrera 2 luego de <strong>un problema t\u00e9cnico en el circuito<\/strong>, la segunda carrera de F4 brit\u00e1nica en el Circuito de Zandvoort fue abandonada y reprogramada para el domingo 14 de julio&#8221;.<\/p>\n<\/div>\n<p><h2><strong>El choque m\u00faltiple en la largada de la F4 Brit\u00e1nica en Zandvoort<\/strong><\/h2>\n<\/p>\n<div type=\"embed\" class=\"sc-3f46f5ae-0 djVTgz\">\n<div class=\"sc-3f46f5ae-1 fTjZec videoText\" id=\"contentTitleembedsT6nvkJ6\" type=\"embed\"><svg fill=\"#ffffff\"><symbol id=\"play\" viewBox=\"0 0 512 512\"><path d=\"M512 256C512 397.4 397.4 512 256 512C114.6 512 0 397.4 0 256C0 114.6 114.6 0 256 0C397.4 0 512 114.6 512 256zM176 168V344C176 352.7 180.7 360.7 188.3 364.9C195.8 369.2 205.1 369 212.5 364.5L356.5 276.5C363.6 272.1 368 264.4 368 256C368 247.6 363.6 239.9 356.5 235.5L212.5 147.5C205.1 142.1 195.8 142.8 188.3 147.1C180.7 151.3 176 159.3 176 168V168z\" \/><\/symbol><use xlink:href=\"#play\" \/><\/svg><\/p>\n<div class=\"right\">\n<p>F\u00f3rmula<!-- --> &#8211;<!-- --> <span>&nbsp;<\/span><\/p>\n<h2 class=\"title-vid\">La accidentada largada de la F4 Brit\u00e1nica en Zandvoort<\/h2>\n<\/div>\n<\/div>\n<p><span class=\"back\" id=\"spanBackembedsT6nvkJ6\"><\/span><\/div>\n<div class=\"sc-a7166897-0 exHLBh\" readability=\"6\">\n<section readability=\"2\"><picture><img alt=\"Canapino en Iowa: del resultado esperanzador al toque con Dixon\" src=\"http:\/\/cordobadirecto.com\/wp-content\/uploads\/2024\/07\/fallo-el-semaforo-hubo-un-choque-multiple-y-se-reprogramo-la-carrera-1.jpg\" width=\"290\" height=\"290\" decoding=\"async\" data-nimg=\"future\" loading=\"lazy\"><\/picture>\n<p><span>Mir\u00e1 tambi\u00e9n<\/span><\/p>\n<hr>\n<h3>Canapino en Iowa: del resultado esperanzador al toque con Dixon<\/h3>\n<\/p>\n<\/section>\n<\/div>\n<div class=\"sc-a7166897-0 exHLBh\" readability=\"6\">\n<section readability=\"2\"><picture><img alt=\"Comparativa: qu\u00e9 piloto de F1 viene siendo el mejor en su escuder\u00eda\" src=\"http:\/\/cordobadirecto.com\/wp-content\/uploads\/2024\/07\/fallo-el-semaforo-hubo-un-choque-multiple-y-se-reprogramo-la-carrera-2.jpg\" width=\"290\" height=\"290\" decoding=\"async\" data-nimg=\"future\" loading=\"lazy\"><\/picture>\n<p><span>Mir\u00e1 tambi\u00e9n<\/span><\/p>\n<hr>\n<h3>Comparativa: qu\u00e9 piloto de F1 viene siendo el mejor en su escuder\u00eda<\/h3>\n<\/p>\n<\/section>\n<\/div>\n<div class=\"sc-a7166897-0 exHLBh\" readability=\"6\">\n<section readability=\"2\"><picture><img alt=\"\u00bfQu\u00e9 pasa con Red Bull? La estad\u00edstica que reafirma la paridad en la F1\" src=\"http:\/\/cordobadirecto.com\/wp-content\/uploads\/2024\/07\/fallo-el-semaforo-hubo-un-choque-multiple-y-se-reprogramo-la-carrera-3.jpg\" width=\"290\" height=\"290\" decoding=\"async\" data-nimg=\"future\" loading=\"lazy\"><\/picture>\n<p><span>Mir\u00e1 tambi\u00e9n<\/span><\/p>\n<hr>\n<h3>\u00bfQu\u00e9 pasa con Red Bull? La estad\u00edstica que reafirma la paridad en la F1<\/h3>\n<\/p>\n<\/section>\n<\/div>\n<div class=\"sc-a7166897-0 exHLBh\" readability=\"7\">\n<section readability=\"4\"><picture><img alt=\"A qu\u00e9 hora y cu\u00e1ndo corre Agust\u00edn Canapino en la fecha especial de Iowa, por la IndyCar\" src=\"http:\/\/cordobadirecto.com\/wp-content\/uploads\/2024\/07\/fallo-el-semaforo-hubo-un-choque-multiple-y-se-reprogramo-la-carrera-4.jpg\" width=\"290\" height=\"290\" decoding=\"async\" data-nimg=\"future\" loading=\"lazy\"><\/picture>\n<p><span>Mir\u00e1 tambi\u00e9n<\/span><\/p>\n<hr>\n<h3>A qu\u00e9 hora y cu\u00e1ndo corre Agust\u00edn Canapino en la fecha especial de Iowa, por la IndyCar<\/h3>\n<\/p>\n<\/section>\n<\/div>\n<\/div>\n","protected":false},"excerpt":{"rendered":"<p>13\/07\/2024 16:48hs. Al momento de largar, los ojos de todos los pilotos est\u00e1n puestos en el sem\u00e1foro. \u00bfEl objetivo? Reaccionar lo m\u00e1s r\u00e1pido posible al cambio de la luz, arrancar y ganar el mayor terreno posible. Desde ah\u00ed se puede entender c\u00f3mo la F\u00f3rmula 4 Brit\u00e1nica, que este fin de semana est\u00e1 corriendo en Zandvoort, [&hellip;]<\/p>\n","protected":false},"author":1,"featured_media":152905,"comment_status":"closed","ping_status":"closed","sticky":false,"template":"","format":"standard","meta":[],"categories":[21],"tags":[],"_links":{"self":[{"href":"http:\/\/cordobadirecto.com\/index.php\/wp-json\/wp\/v2\/posts\/152904"}],"collection":[{"href":"http:\/\/cordobadirecto.com\/index.php\/wp-json\/wp\/v2\/posts"}],"about":[{"href":"http:\/\/cordobadirecto.com\/index.php\/wp-json\/wp\/v2\/types\/post"}],"author":[{"embeddable":true,"href":"http:\/\/cordobadirecto.com\/index.php\/wp-json\/wp\/v2\/users\/1"}],"replies":[{"embeddable":true,"href":"http:\/\/cordobadirecto.com\/index.php\/wp-json\/wp\/v2\/comments?post=152904"}],"version-history":[{"count":0,"href":"http:\/\/cordobadirecto.com\/index.php\/wp-json\/wp\/v2\/posts\/152904\/revisions"}],"wp:featuredmedia":[{"embeddable":true,"href":"http:\/\/cordobadirecto.com\/index.php\/wp-json\/wp\/v2\/media\/152905"}],"wp:attachment":[{"href":"http:\/\/cordobadirecto.com\/index.php\/wp-json\/wp\/v2\/media?parent=152904"}],"wp:term":[{"taxonomy":"category","embeddable":true,"href":"http:\/\/cordobadirecto.com\/index.php\/wp-json\/wp\/v2\/categories?post=152904"},{"taxonomy":"post_tag","embeddable":true,"href":"http:\/\/cordobadirecto.com\/index.php\/wp-json\/wp\/v2\/tags?post=152904"}],"curies":[{"name":"wp","href":"https:\/\/api.w.org\/{rel}","templated":true}]}}