{"id":15293,"date":"2021-08-24T06:36:23","date_gmt":"2021-08-24T06:36:23","guid":{"rendered":"https:\/\/puntoapunto.com.ar\/?p=315178"},"modified":"2021-08-24T06:36:23","modified_gmt":"2021-08-24T06:36:23","slug":"las-propuestas-de-los-candidatos-para-la-macro-rodrigo-de-loredo","status":"publish","type":"post","link":"http:\/\/cordobadirecto.com\/index.php\/2021\/08\/24\/las-propuestas-de-los-candidatos-para-la-macro-rodrigo-de-loredo\/","title":{"rendered":"Las propuestas de los candidatos para la macro: Rodrigo de Loredo"},"content":{"rendered":"<p>Con la intenci\u00f3n de conocer algunas de las propuestas, ideas o potenciales proyectos de ley para atender algunas de las problem\u00e1ticas cr\u00f3nicas del pa\u00eds <strong>Perfil C\u00f3rdoba<\/strong> convoc\u00f3 a los precandidatos a diputados que buscar\u00e1n un lugar en las PASO el 12 de septiembre.<\/p>\n<p>Presentamos un resumen de las propuestas para atender tres ejes puntuales:<strong> creaci\u00f3n de empleo, cobertura de salud y acceso a la vivienda.<\/strong><\/p>\n<h5><strong>Rodrigo de Loredo, Juntos por el Cambio (Cambiando Juntos)<\/strong><\/h5>\n<h5><strong>Empleo<\/strong><\/h5>\n<p>Modernizar la legislaci\u00f3n laboral para promover la creaci\u00f3n de<a href=\"https:\/\/puntoapunto.com.ar\/empleo-1-de-cada-3-argentinos-quiere-cambiar-de-trabajo\/\" target=\"_blank\" rel=\"noopener\"> empleo<\/a> privado:<br \/>asegurar la protecci\u00f3n de los trabajadores sin que las empresas teman generar empleo.<br \/>Invertiremos en la educaci\u00f3n para el trabajo y la formaci\u00f3n laboral real. Y vamos a<br \/>retomar la Reforma Tributaria de 2017, focalizando los incentivos para contratar empleo<br \/>en quienes est\u00e1n al borde de la informalidad. La m\u00e1xima pol\u00edtica para la generaci\u00f3n de<br \/>empleo es, igualmente, la <a href=\"https:\/\/puntoapunto.com.ar\/uala-se-convirtio-en-el-nuevo-unicornio-argentino-recibio-inversion-por-us-350-m\/\" target=\"_blank\" rel=\"noopener\">inversi\u00f3n<\/a> privada.<\/p>\n<h5><strong>Cobertura de salud<\/strong><\/h5>\n<p>El gobierno actual ha tomado medidas que convierten a los trabajadores en rehenes de los sindicalistas y sus negocios. Vamos a revertir esas medidas, poniendo el eje en la gente y en sus necesidades, asegurando que reciban la mejor contraprestaci\u00f3n m\u00e9dica por el aporte que se deduce de sus salarios. En el contexto de mayor inversi\u00f3n y empleo formal, podremos lograr mitigar el problema en el \u00e1mbito privado, y el sistema p\u00fablico debe estar all\u00ed para asegurar la cobertura al resto de la poblaci\u00f3n.<\/p>\n<h5><strong>Acceso a la vivienda<\/strong><\/h5>\n<p>El Estado tiene que asistir en sus necesidades de <a href=\"https:\/\/puntoapunto.com.ar\/vivienda-el-deficit-habitacional-en-la-agenda-del-consorcio-empresarial-g6\/\" target=\"_blank\" rel=\"noopener\">vivienda<\/a> a los m\u00e1s vulnerables, pero el problema afecta a una parte m\u00e1s amplia de la poblaci\u00f3n, y s\u00f3lo la oferta privada podr\u00e1 resolverlo. La estabilidad macroecon\u00f3mica y el fomento a la inversi\u00f3n privada son condiciones necesarias para lograrlo, y sin ellas no habr\u00e1 cr\u00e9dito hipotecario. Trabajaremos sobre pol\u00edticas complementarias, eliminar trabas regulatorias a la construcci\u00f3n, reducir costos de escrituraci\u00f3n, bajar impuestos a las transacciones y coordinar los impuestos provinciales para que promuevan la construcci\u00f3n. El objetivo es alinear incentivos para que haya un fuerte incremento de la oferta de vivienda y bajen los precios.<\/p>\n<div class=\"saboxplugin-wrap\" itemtype=\"http:\/\/schema.org\/Person\" itemscope itemprop=\"author\">\n<div class=\"saboxplugin-tab\">\n<div class=\"saboxplugin-gravatar\"><img loading=\"lazy\" src=\"http:\/\/cordobadirecto.com\/wp-content\/uploads\/2021\/08\/las-propuestas-de-los-candidatos-para-la-macro-rodrigo-de-loredo.jpg\" width=\"100\" height=\"100\" alt itemprop=\"image\"><\/div>\n<div class=\"saboxplugin-desc\" readability=\"5.0989010989011\">\n<div itemprop=\"description\" readability=\"7.010989010989\">\n<p>Lic. Jos\u00e9 Busaniche \/ TW: @josebusaniche<br \/>Redacci\u00f3n Revista Punto a Punto<br \/>(351) 6064291<br \/>Complejo Barranquitas, Jos\u00e9 Roque Funes 1145, Cerro de las Rosas, C\u00f3rdoba CP 5009.<\/p>\n<\/div>\n<\/div>\n<\/div>\n<\/div>\n","protected":false},"excerpt":{"rendered":"<p>Con la intenci\u00f3n de conocer algunas de las propuestas, ideas o potenciales proyectos de ley para atender algunas de las problem\u00e1ticas cr\u00f3nicas del pa\u00eds Perfil C\u00f3rdoba convoc\u00f3 a los precandidatos a diputados que buscar\u00e1n un lugar en las PASO el 12 de septiembre. Presentamos un resumen de las propuestas para atender tres ejes puntuales: creaci\u00f3n [&hellip;]<\/p>\n","protected":false},"author":1,"featured_media":15294,"comment_status":"closed","ping_status":"closed","sticky":false,"template":"","format":"standard","meta":[],"categories":[25],"tags":[],"_links":{"self":[{"href":"http:\/\/cordobadirecto.com\/index.php\/wp-json\/wp\/v2\/posts\/15293"}],"collection":[{"href":"http:\/\/cordobadirecto.com\/index.php\/wp-json\/wp\/v2\/posts"}],"about":[{"href":"http:\/\/cordobadirecto.com\/index.php\/wp-json\/wp\/v2\/types\/post"}],"author":[{"embeddable":true,"href":"http:\/\/cordobadirecto.com\/index.php\/wp-json\/wp\/v2\/users\/1"}],"replies":[{"embeddable":true,"href":"http:\/\/cordobadirecto.com\/index.php\/wp-json\/wp\/v2\/comments?post=15293"}],"version-history":[{"count":0,"href":"http:\/\/cordobadirecto.com\/index.php\/wp-json\/wp\/v2\/posts\/15293\/revisions"}],"wp:featuredmedia":[{"embeddable":true,"href":"http:\/\/cordobadirecto.com\/index.php\/wp-json\/wp\/v2\/media\/15294"}],"wp:attachment":[{"href":"http:\/\/cordobadirecto.com\/index.php\/wp-json\/wp\/v2\/media?parent=15293"}],"wp:term":[{"taxonomy":"category","embeddable":true,"href":"http:\/\/cordobadirecto.com\/index.php\/wp-json\/wp\/v2\/categories?post=15293"},{"taxonomy":"post_tag","embeddable":true,"href":"http:\/\/cordobadirecto.com\/index.php\/wp-json\/wp\/v2\/tags?post=15293"}],"curies":[{"name":"wp","href":"https:\/\/api.w.org\/{rel}","templated":true}]}}