{"id":152933,"date":"2024-07-17T20:45:06","date_gmt":"2024-07-17T20:45:06","guid":{"rendered":"http:\/\/cordobadirecto.com\/index.php\/2024\/07\/17\/nuevo-aumento-del-pan-en-cordoba-subio-hasta-un-12-y-el-kilo-alcanza-los-5-000\/"},"modified":"2024-07-17T20:45:06","modified_gmt":"2024-07-17T20:45:06","slug":"nuevo-aumento-del-pan-en-cordoba-subio-hasta-un-12-y-el-kilo-alcanza-los-5-000","status":"publish","type":"post","link":"http:\/\/cordobadirecto.com\/index.php\/2024\/07\/17\/nuevo-aumento-del-pan-en-cordoba-subio-hasta-un-12-y-el-kilo-alcanza-los-5-000\/","title":{"rendered":"<b>Nuevo<\/b> aumento del pan en <b>C\u00f3rdoba<\/b>: subi\u00f3 hasta un 12% y el kilo alcanza los $5.000"},"content":{"rendered":"<p>EL DESTAPE <b>C\u00d3RDOBA<\/b> &middot; Pan &middot; Inflaci\u00f3n &middot; Suba de precios &middot; Crisis <b>Econ\u00f3mica<\/b> &middot; Javier Milei &middot; La Rioja tiene lo servicios con una de las tarifas m\u00e1s&nbsp;&#8230; <\/p>\n","protected":false},"excerpt":{"rendered":"<p>EL DESTAPE C\u00d3RDOBA &middot; Pan &middot; Inflaci\u00f3n &middot; Suba de precios &middot; Crisis Econ\u00f3mica &middot; Javier Milei &middot; La Rioja tiene lo servicios con una de las tarifas m\u00e1s&nbsp;&#8230;<\/p>\n","protected":false},"author":1,"featured_media":0,"comment_status":"closed","ping_status":"closed","sticky":false,"template":"","format":"standard","meta":[],"categories":[40],"tags":[],"_links":{"self":[{"href":"http:\/\/cordobadirecto.com\/index.php\/wp-json\/wp\/v2\/posts\/152933"}],"collection":[{"href":"http:\/\/cordobadirecto.com\/index.php\/wp-json\/wp\/v2\/posts"}],"about":[{"href":"http:\/\/cordobadirecto.com\/index.php\/wp-json\/wp\/v2\/types\/post"}],"author":[{"embeddable":true,"href":"http:\/\/cordobadirecto.com\/index.php\/wp-json\/wp\/v2\/users\/1"}],"replies":[{"embeddable":true,"href":"http:\/\/cordobadirecto.com\/index.php\/wp-json\/wp\/v2\/comments?post=152933"}],"version-history":[{"count":0,"href":"http:\/\/cordobadirecto.com\/index.php\/wp-json\/wp\/v2\/posts\/152933\/revisions"}],"wp:attachment":[{"href":"http:\/\/cordobadirecto.com\/index.php\/wp-json\/wp\/v2\/media?parent=152933"}],"wp:term":[{"taxonomy":"category","embeddable":true,"href":"http:\/\/cordobadirecto.com\/index.php\/wp-json\/wp\/v2\/categories?post=152933"},{"taxonomy":"post_tag","embeddable":true,"href":"http:\/\/cordobadirecto.com\/index.php\/wp-json\/wp\/v2\/tags?post=152933"}],"curies":[{"name":"wp","href":"https:\/\/api.w.org\/{rel}","templated":true}]}}