{"id":152934,"date":"2024-07-17T22:43:29","date_gmt":"2024-07-17T22:43:29","guid":{"rendered":"https:\/\/cordoba.gob.ar\/?p=59600"},"modified":"2024-07-17T22:43:29","modified_gmt":"2024-07-17T22:43:29","slug":"energia-electrica-y-gas-como-y-donde-categorizarme-para-mantener-la-tarifa-social","status":"publish","type":"post","link":"http:\/\/cordobadirecto.com\/index.php\/2024\/07\/17\/energia-electrica-y-gas-como-y-donde-categorizarme-para-mantener-la-tarifa-social\/","title":{"rendered":"Energ\u00eda el\u00e9ctrica y gas: c\u00f3mo y d\u00f3nde categorizarme para mantener la tarifa social"},"content":{"rendered":"<div><img src=\"http:\/\/cordobadirecto.com\/wp-content\/uploads\/2024\/07\/energia-electrica-y-gas-como-y-donde-categorizarme-para-mantener-la-tarifa-social.jpg\" class=\"ff-og-image-inserted\"><\/div>\n<p>La Municipalidad de C\u00f3rdoba junto al Gobierno Provincial y EPEC, lanzan una campa\u00f1a para que los usuarios de energ\u00eda y gas conserven sus subsidios energ\u00e9ticos mediante la categorizaci\u00f3n adecuada en el Registro de Acceso a los Subsidios a la Energ\u00eda (RASE).<\/p>\n<p>*\u00bfQu\u00e9 hay que tener para asistir a los operativos de categorizaci\u00f3n?<\/p>\n<p>\u2013 Llevar DNI f\u00edsico, factura de energ\u00eda el\u00e9ctrica y gas.<\/p>\n<p>\u2013 Contar con una direcci\u00f3n de correo electr\u00f3nico.<\/p>\n<p>*\u00bfC\u00f3mo y d\u00f3nde pod\u00e9s realizar el tr\u00e1mite?*<\/p>\n<p>\u2022 A trav\u00e9s de la <a href=\"http:\/\/www.argentina.gob.ar\/subsidios\">web<\/a><\/p>\n<p>\u2022 En todos los CPC, de lunes a viernes de 09:00 a 14:00 horas.<\/p>\n<p>\u2022 En centros vecinales y polideportivos: seg\u00fan cronograma (consultar redes sociales de la Secretar\u00eda de Fortalecimiento Vecinal y Deportes)<\/p>\n<p>\u2022 En los puntos establecidos por la Secretar\u00eda de Pol\u00edticas Sociales y Desarrollo Humano:<\/p>\n<p>\u25e6 Sede Central: 27 de abril 784, planta baja, de lunes a viernes de 08:00 a 17:00.<\/p>\n<p>\u25e6 CIC Villa La Tela: Aviador Almonacid esq. Aviador Zaar, de lunes a viernes de 08:00 a 14:00.S\u00e1bados de 09:00 a 12:00.<\/p>\n<p>\u25e6 CIC Cabildo: Macach\u00edn 2187, de lunes a viernes de 08:00 a 14:00. S\u00e1bados de 09:00 a 12:00.<\/p>\n<p>\u25e6 CIC Siburu Francisco Bodereau 3670, de lunes a viernes de 08:00 a 14:00. S\u00e1bados 09:00 a 12:00.<\/p>\n<p>\u25e6 Fines de semana en Paseos Populares de los barrios: Villa El Libertador, Ciudad Evita, Arg\u00fcello Norte, Remedios de Escalada y Residencial San Roque.<\/p>\n<p>*\u00bfHasta cu\u00e1ndo hay tiempo de realizar el tr\u00e1mite?<\/p>\n<p>El plazo para realizar la gesti\u00f3n es hasta el 5 de agosto de 2024. Quien no complete el tr\u00e1mite antes de esta fecha, ser\u00e1 recategorizado autom\u00e1ticamente al Nivel 1 (grupo de altos ingresos) y su factura podr\u00eda aumentar hasta cinco veces su costo actual.<\/p>\n<p>Por consultas llam\u00e1 o envi\u00e1 un WhatsApp al 351 2013485 (atenci\u00f3n de 08:00 a 17:00)<\/p>\n<p>La campa\u00f1a busca asegurar que todos los usuarios, independientemente de su nivel de ingresos, puedan mantener sus subsidios y evitar aumentos significativos en sus facturas de energ\u00eda el\u00e9ctrica y gas. La Municipalidad de C\u00f3rdoba est\u00e1 comprometida en brindar apoyo a los beneficiarios de la tarifa social, facilitando el tr\u00e1mite en los distintos puntos de atenci\u00f3n.<\/p>\n<p>\u2014<\/p>\n","protected":false},"excerpt":{"rendered":"<p>La Municipalidad de C\u00f3rdoba junto al Gobierno Provincial y EPEC, lanzan una campa\u00f1a para que los usuarios de energ\u00eda y gas conserven sus subsidios energ\u00e9ticos mediante la categorizaci\u00f3n adecuada en el Registro de Acceso a los Subsidios a la Energ\u00eda (RASE). *\u00bfQu\u00e9 hay que tener para asistir a los operativos de categorizaci\u00f3n? \u2013 Llevar DNI [&hellip;]<\/p>\n","protected":false},"author":1,"featured_media":152935,"comment_status":"closed","ping_status":"closed","sticky":false,"template":"","format":"standard","meta":[],"categories":[44],"tags":[],"_links":{"self":[{"href":"http:\/\/cordobadirecto.com\/index.php\/wp-json\/wp\/v2\/posts\/152934"}],"collection":[{"href":"http:\/\/cordobadirecto.com\/index.php\/wp-json\/wp\/v2\/posts"}],"about":[{"href":"http:\/\/cordobadirecto.com\/index.php\/wp-json\/wp\/v2\/types\/post"}],"author":[{"embeddable":true,"href":"http:\/\/cordobadirecto.com\/index.php\/wp-json\/wp\/v2\/users\/1"}],"replies":[{"embeddable":true,"href":"http:\/\/cordobadirecto.com\/index.php\/wp-json\/wp\/v2\/comments?post=152934"}],"version-history":[{"count":0,"href":"http:\/\/cordobadirecto.com\/index.php\/wp-json\/wp\/v2\/posts\/152934\/revisions"}],"wp:featuredmedia":[{"embeddable":true,"href":"http:\/\/cordobadirecto.com\/index.php\/wp-json\/wp\/v2\/media\/152935"}],"wp:attachment":[{"href":"http:\/\/cordobadirecto.com\/index.php\/wp-json\/wp\/v2\/media?parent=152934"}],"wp:term":[{"taxonomy":"category","embeddable":true,"href":"http:\/\/cordobadirecto.com\/index.php\/wp-json\/wp\/v2\/categories?post=152934"},{"taxonomy":"post_tag","embeddable":true,"href":"http:\/\/cordobadirecto.com\/index.php\/wp-json\/wp\/v2\/tags?post=152934"}],"curies":[{"name":"wp","href":"https:\/\/api.w.org\/{rel}","templated":true}]}}