{"id":152936,"date":"2024-07-17T19:52:44","date_gmt":"2024-07-17T19:52:44","guid":{"rendered":"https:\/\/cordoba.gob.ar\/?p=59597"},"modified":"2024-07-17T19:52:44","modified_gmt":"2024-07-17T19:52:44","slug":"municipio-y-provincia-ofreceran-capacitaciones-para-fortalecer-las-oportunidades-de-empleo-en-la-ciudad-de-cordoba","status":"publish","type":"post","link":"http:\/\/cordobadirecto.com\/index.php\/2024\/07\/17\/municipio-y-provincia-ofreceran-capacitaciones-para-fortalecer-las-oportunidades-de-empleo-en-la-ciudad-de-cordoba\/","title":{"rendered":"Municipio y Provincia ofrecer\u00e1n capacitaciones para fortalecer las oportunidades de empleo en la ciudad de C\u00f3rdoba"},"content":{"rendered":"<div><img src=\"http:\/\/cordobadirecto.com\/wp-content\/uploads\/2024\/07\/municipio-y-provincia-ofreceran-capacitaciones-para-fortalecer-las-oportunidades-de-empleo-en-la-ciudad-de-cordoba.jpg\" class=\"ff-og-image-inserted\"><\/div>\n<ul class=\"ak-ul\">\n<li><strong>Se realizar\u00e1n en los 16 CPC, Centros de Encuentros Barriales, Parques Educativos y sociedades civiles.<\/strong><\/li>\n<li><strong>Los cursos buscan brindar herramientas para que vecinos y vecinas puedan adquirir mayores competencias laborales.<\/strong><\/li>\n<\/ul>\n<hr>\n<p>En el marco del programa \u201cCBA Me Capacita\u201d, el intendente de la ciudad de C\u00f3rdoba, Daniel Passerini y la ministra de Desarrollo Social y Promoci\u00f3n del Empleo de la Provincia, Laura Jure, firmaron un convenio a trav\u00e9s del cual se busca profundizar y fortalecer la formaci\u00f3n para que los vecinos y vecinas de la ciudad tengan mejores oportunidades a la hora de buscar empleo.<\/p>\n<p>A trav\u00e9s de este tratado, se dictar\u00e1n 163 cursos de formaci\u00f3n entre los que destacan rubros del sector Administraci\u00f3n y Comercio, Automotor, Construcci\u00f3n, Energ\u00eda el\u00e9ctrica, Est\u00e9tica Profesional, Fortalecimiento de Capacidades, Gastronom\u00eda y Hoteler\u00eda, Industrias Culturales, Inform\u00e1tica, Madera y Muebles, Metalmec\u00e1nica, Textil, Comunicaci\u00f3n y Turismo.<\/p>\n<p>En este contexto, Passerini expres\u00f3: \u201dEstamos convencidos que el futuro se construye desde ahora y que estas oportunidades de capacitaci\u00f3n para tener una mayor accesibilidad al empleo ponen en valor la generaci\u00f3n de oportunidades\u201d.<\/p>\n<p>\u201cLa decisi\u00f3n que tomamos hoy con el gobernador Mart\u00edn Llaryora nos permite tener una de las fortalezas que deben ser intr\u00ednsecas a las pol\u00edticas p\u00fablicas, que es la aplicaci\u00f3n territorial, en donde la empleabilidad sea una prioridad\u201d, enfatiz\u00f3 el intendente capitalino.<\/p>\n<p>Las capacitaciones, que se enmarcan dentro del plan de Fortalecimiento de las Competencias Laborales \u201c+ Formaci\u00f3n = +Oportunidades de Empleo\u201d est\u00e1n destinadas a vecinos y vecinas que viven en la ciudad de C\u00f3rdoba, que tengan16 a\u00f1os en adelante, sin importar su nivel de estudios ni condici\u00f3n laboral, y que posean CIDI nivel 1.<\/p>\n<p>Laura Jure, dijo estar muy contenta y destac\u00f3 el trabajo que vienen realizando las organizaciones barriales que conocen a su gente y sus necesidades.<\/p>\n<p>\u201cEstos cursos de formaci\u00f3n laboral son primeros cursos de inserci\u00f3n laboral y de inclusi\u00f3n social. Tenemos que trabajar con todos los vecinos y vecinas, que todos se sientan capaces, que todos tienen las habilidades y capacidades para poder aprender, poder desarrollarse y poder insertarse laboralmente\u201d expres\u00f3 Jure.<\/p>\n<p>La inscripci\u00f3n se realizar\u00e1 a trav\u00e9s del Formulario \u00danico de Postulantes en CiDi y tambi\u00e9n por VeDi \u00f3 de manera presencial en la sede de la subsecretar\u00eda ubicada en Humberto Primo 883.<\/p>\n<p>Link de inscripci\u00f3n: <a href=\"https:\/\/formacionesdigitalesempleo.cordoba.gob.ar\/login\/index.php\">https:\/\/formacionesdigitalesempleo.cordoba.gob.ar\/login\/index.php<\/a><\/p>\n<p>Los cursos son accesibles, gratuitos y certificados por el Ministerio de Desarrollo Social y Promoci\u00f3n Del Empleo, el Ministerio de Educaci\u00f3n, la Municipalidad de C\u00f3rdoba y la Universidad Nacional de C\u00f3rdoba.<\/p>\n<p>Durante la firma estuvieron presentes el secretario de Gobierno, Fiscalizaci\u00f3n y Control, Rodrigo Fern\u00e1ndez; la subsecretaria de Empleo de la Municipalidad de C\u00f3rdoba, Geraldina Betsab\u00e9 Pero; y el titular del programa C\u00f3rdoba Me Capacita, Julio Castro.<\/p>\n<p>Como parte del compromiso asumido por el intendente de posibilitar el acceso a los servicios y oportunidades como una pol\u00edtica p\u00fablica, los cursos se dictar\u00e1n en distintos puntos de la ciudad como lo son los 16 CPC, Parques Educativos, Centros de Encuentros Barriales, Centros de Acci\u00f3n comunitaria, Mercados de la ciudad, centros vecinales, organizaciones del tercer sector y en dependencias de la sociedad civil tales como la Federaci\u00f3n de Expendedores de Combustibles y Afines del Centro de la Rep\u00fablica FECAC y la asociaci\u00f3n de Hoteles de Turismo de la Rep\u00fablica Argentina AHTRA.<\/p>\n<p>La provincia destinar\u00e1 $314.209.775 millones a las acciones formativas, lo que significar\u00e1 una inversi\u00f3n para que miles de cordobeses y cordobesas puedan recibir a fin de a\u00f1o el certificado que acredite sus conocimientos y puedan insertarse en el mercado laboral.<\/p>\n","protected":false},"excerpt":{"rendered":"<p>Se realizar\u00e1n en los 16 CPC, Centros de Encuentros Barriales, Parques Educativos y sociedades civiles. Los cursos buscan brindar herramientas para que vecinos y vecinas puedan adquirir mayores competencias laborales. En el marco del programa \u201cCBA Me Capacita\u201d, el intendente de la ciudad de C\u00f3rdoba, Daniel Passerini y la ministra de Desarrollo Social y Promoci\u00f3n [&hellip;]<\/p>\n","protected":false},"author":1,"featured_media":152937,"comment_status":"closed","ping_status":"closed","sticky":false,"template":"","format":"standard","meta":[],"categories":[44],"tags":[],"_links":{"self":[{"href":"http:\/\/cordobadirecto.com\/index.php\/wp-json\/wp\/v2\/posts\/152936"}],"collection":[{"href":"http:\/\/cordobadirecto.com\/index.php\/wp-json\/wp\/v2\/posts"}],"about":[{"href":"http:\/\/cordobadirecto.com\/index.php\/wp-json\/wp\/v2\/types\/post"}],"author":[{"embeddable":true,"href":"http:\/\/cordobadirecto.com\/index.php\/wp-json\/wp\/v2\/users\/1"}],"replies":[{"embeddable":true,"href":"http:\/\/cordobadirecto.com\/index.php\/wp-json\/wp\/v2\/comments?post=152936"}],"version-history":[{"count":0,"href":"http:\/\/cordobadirecto.com\/index.php\/wp-json\/wp\/v2\/posts\/152936\/revisions"}],"wp:featuredmedia":[{"embeddable":true,"href":"http:\/\/cordobadirecto.com\/index.php\/wp-json\/wp\/v2\/media\/152937"}],"wp:attachment":[{"href":"http:\/\/cordobadirecto.com\/index.php\/wp-json\/wp\/v2\/media?parent=152936"}],"wp:term":[{"taxonomy":"category","embeddable":true,"href":"http:\/\/cordobadirecto.com\/index.php\/wp-json\/wp\/v2\/categories?post=152936"},{"taxonomy":"post_tag","embeddable":true,"href":"http:\/\/cordobadirecto.com\/index.php\/wp-json\/wp\/v2\/tags?post=152936"}],"curies":[{"name":"wp","href":"https:\/\/api.w.org\/{rel}","templated":true}]}}