{"id":152938,"date":"2024-07-18T07:55:24","date_gmt":"2024-07-18T07:55:24","guid":{"rendered":"https:\/\/puntoapunto.com.ar\/?p=362975"},"modified":"2024-07-18T07:55:24","modified_gmt":"2024-07-18T07:55:24","slug":"brubank-lanzo-su-vertical-para-empresas-y-quiere-captar-3-000-pymes-para-fin-de-ano","status":"publish","type":"post","link":"http:\/\/cordobadirecto.com\/index.php\/2024\/07\/18\/brubank-lanzo-su-vertical-para-empresas-y-quiere-captar-3-000-pymes-para-fin-de-ano\/","title":{"rendered":"Brubank lanz\u00f3 su vertical para Empresas y quiere captar 3.000 pymes para fin de a\u00f1o"},"content":{"rendered":"<div class=\"g g-36\">\n<div class=\"g-dyn a-29 c-1\"><a class=\"gofollow\" data-track=\"MjksMzYsMSw2MA==\" href=\"https:\/\/www.harmoniechateau.com.ar\/\" target=\"_blank\" rel=\"noopener\"><img src=\"http:\/\/cordobadirecto.com\/wp-content\/uploads\/2024\/07\/brubank-lanzo-su-vertical-para-empresas-y-quiere-captar-3-000-pymes-para-fin-de-ano.jpg\" loading=\"lazy\"><\/a><\/div>\n<\/div>\n<p>&nbsp;\n<\/p>\n<p>En Brubank est\u00e1n convencidos que la nueva coyuntura de la macro -con un Estado retir\u00e1ndose del negocio de la colocaci\u00f3n de deuda para financiar su d\u00e9ficit- obligar\u00e1 a los bancos a volverse hacia el sector privada y la banca individual.\n<\/p>\n<p>Y aunque ese movimiento ya comenz\u00f3, lo cierto es que el banco digital que fundaron Juan Bruchou y Pablo S\u00e1nchez ya hab\u00eda comenzado a recorrer el camino de la vertical corporativa. As\u00ed, hace un mes lanzaron Brubank Empresas, que tendr\u00e1 fuerte foco en las pymes, un segmento que, seg\u00fan ellos, fue muy descuidado por la banca tradicional. En un mano a mano con Punto a Punto, <strong>Bruchou, habl\u00f3 de los productos con que arrancar\u00e1n, las expectativas y tambi\u00e9n qu\u00e9 esperan de la siempre desafiante coyuntura dom\u00e9stica. <\/strong>\n<\/p>\n<p>\u201cM\u00e1s que un banco digital somos una empresa de tecnolog\u00eda enfocada en brindar servicios \u00e1giles, simples y con todos los productos que se necesitan. C\u00f3rdoba es la plaza m\u00e1s importante despu\u00e9s de provincia de Buenos Aires, ya tenemos 350 mil personas operando y uno de los requerimientos era por una banca empresa, en general, lo que le pasa a la pyme y a la micro pyme es que no estaba bien atendida. Vamos a trabajar en banca pymes, hay 600 mil pymes en el pa\u00eds, la atenci\u00f3n de los bancos no es buena y queremos llevar la mejor experiencia para esas empresas y comercios. Ya estamos empezando a abrir cuentas en C\u00f3rdoba\u201d, apunt\u00f3.\n<\/p>\n<p><strong>-\u00bfQu\u00e9 recepci\u00f3n han tenido?<br \/><\/strong>-Lo lanzamos hace un mes y ya tenemos m\u00e1s de 250 empresas a nivel pa\u00eds que est\u00e1n trabajando con nosotros. La apertura de la cuenta es en minutos, totalmente digital, con un modelo de atenci\u00f3n personalizada y se pueden hacer todas las operaciones, pagos y cobros de transferencias, cr\u00e9ditos, payawall, cuenta remunerada, etc. Creo que vamos a tener muchas pymes que no han tenido experiencia bancarizada. Estamos buscando una experiencia superadora y simple, para que se pueda operar la empresa desde todos lados con un celular.\n<\/p>\n<p><strong>-\u00bfVan a entregar cr\u00e9ditos?<\/strong><br \/>-Vamos a tener un sistema de scoring para otorgar cr\u00e9ditos a muy buenas tasas. Lo que buscamos es que la tecnolog\u00eda permita simplificar los procesos y productos. Nosotros nacimos digitales, no estamos aplicando parches sobre parches, eso nos da una facilidad de cambios y una simpleza muy importante. Por m\u00e1s que al auto de 1980 lo llevas al taller y sigue funcionando no deja de ser un auto de 1980, esa es la diferencia que tenemos con los otros bancos. Lo que ten\u00edamos que invertir lo invertimos para llegar a los diferentes lugares de argentinas y queremos una inclusi\u00f3n financiera total.\n<\/p>\n<p><strong>-\u00bfVan a tener productos m\u00e1s sofisticados? De pronto explorar el mercado de las ON para las pymes\u2026<br \/><\/strong>-Vamos a ir explorando, estamos saliendo con algunos productos. Sobre fin de a\u00f1o vamos a estar teniendo e-cheqs, y pago diferido. Lanzamos los productos b\u00e1sicos y luego vamos a ir sumando. Tambi\u00e9n los productos de pr\u00e9stamos m\u00e1s sofisticados y a m\u00e1s largo plazo, a medida que vayamos conociendo las empresas vamos a poder ir alargando plazos.\n<\/p>\n<p><img decoding=\"async\" class=\"aligncenter wp-image-362981 size-large\" src=\"http:\/\/cordobadirecto.com\/wp-content\/uploads\/2024\/07\/brubank-lanzo-su-vertical-para-empresas-y-quiere-captar-3-000-pymes-para-fin-de-ano-1.jpg\" alt width=\"1024\" height=\"698\" srcset=\"http:\/\/cordobadirecto.com\/wp-content\/uploads\/2024\/07\/brubank-lanzo-su-vertical-para-empresas-y-quiere-captar-3-000-pymes-para-fin-de-ano-1.jpg 1024w, http:\/\/cordobadirecto.com\/wp-content\/uploads\/2024\/07\/brubank-lanzo-su-vertical-para-empresas-y-quiere-captar-3-000-pymes-para-fin-de-ano-3.jpg 300w, http:\/\/cordobadirecto.com\/wp-content\/uploads\/2024\/07\/brubank-lanzo-su-vertical-para-empresas-y-quiere-captar-3-000-pymes-para-fin-de-ano-4.jpg 768w, http:\/\/cordobadirecto.com\/wp-content\/uploads\/2024\/07\/brubank-lanzo-su-vertical-para-empresas-y-quiere-captar-3-000-pymes-para-fin-de-ano-5.jpg 1536w, http:\/\/cordobadirecto.com\/wp-content\/uploads\/2024\/07\/brubank-lanzo-su-vertical-para-empresas-y-quiere-captar-3-000-pymes-para-fin-de-ano-6.jpg 2048w, http:\/\/cordobadirecto.com\/wp-content\/uploads\/2024\/07\/brubank-lanzo-su-vertical-para-empresas-y-quiere-captar-3-000-pymes-para-fin-de-ano-7.jpg 750w, http:\/\/cordobadirecto.com\/wp-content\/uploads\/2024\/07\/brubank-lanzo-su-vertical-para-empresas-y-quiere-captar-3-000-pymes-para-fin-de-ano-8.jpg 1140w\" sizes=\"(max-width: 1024px) 100vw, 1024px\" loading=\"lazy\">\n<\/p>\n<p><strong>-\u00bfQu\u00e9 est\u00e1n notando de la macro actual?<br \/><\/strong>-Creo que es importante que se est\u00e1 logrando un equilibrio macro econ\u00f3mico fiscal y financiero, creo que es importante lograr transmitir que se logre ese equilibrio porque eso es necesario para hacer bajar la inflaci\u00f3n y tener un horizonte de m\u00e1s a largo plazo. Y despu\u00e9s que salgan las leyes que tienen que salir. El Paquete Fiscal, el Paquete laboral despejar\u00eda ciertas dudas. Es un proceso que va a tardar en reactivar la econom\u00eda, es una econom\u00eda que va muy lenta, lo importante es sentar las bases de un crecimiento sostenido en el tiempo. Hoy se ve una econom\u00eda m\u00e1s lenta, pero es parte del trabajo que se est\u00e1 haciendo. Nosotros estamos confiando en el proceso y por eso estamos invirtiendo en el segmento pyme de Brubank Empresas, estamos invirtiendo para acompa\u00f1ar a las empresas, creemos que una vez que pase este per\u00edodo las pymes van a necesitar a los bancos para crecer.\n<\/p>\n<p><strong>-Hoy se habla de que los bancos tienen que volver a trabajar de bancos, \u00bfa ustedes tambi\u00e9n los interpela eso?<br \/><\/strong>-Absolutamente, es as\u00ed, los bancos tenemos que volver a trabajar de bancos, mirar al sector privado, era muy f\u00e1cil colocar en t\u00edtulos p\u00fablicos pero hay que prestar m\u00e1s y analizar a los clientes. Nosotros tenemos nuestro propio an\u00e1lisis crediticio y empezamos a dar cr\u00e9dito a personas que estaban completamente afuera del sistema bancario. Los bancos tenemos que utilizar los dep\u00f3sitos que tenemos, con mucho cuidado y responsabilidad, pero prestar y apoyar a las empresas que tengan buenos proyectos. Creo que va a haber una oportunidad muy grande y canalizar el ahorro de la gente para apoyar a las empresas.\n<\/p>\n<p><strong>-\u00bfVa a volver con fuerza el cr\u00e9dito productivo?<\/strong><br \/>-Yo creo que s\u00ed, creo que va a volver con fuerza. El cr\u00e9dito hipotecario es muy incipiente, pero en la medida que se estabilicen las variables macro va a permitir al sector bancario prestar al individuo y a las empresas. Somos 340 personas en Brubank, unos 100 trabajando en el proyecto de banca empresa. Hoy nos hemos convertido y queremos ser el banco de los emprendedores, estamos teniendo reuniones con emprendedores y escuchando proyectos. Queremos mantener la calidad del producto y aprender, tenemos la expectativa de llegar a entre 2500 y 3000 empresas de ac\u00e1 a fin de a\u00f1o.\n<\/p>\n<div class=\"g g-38\">\n<div class=\"g-dyn a-12 c-1\"><a class=\"gofollow\" data-track=\"MTIsMzgsMSw2MA==\" href=\"https:\/\/form.jotform.com\/240784464263663\" target=\"_blank\" rel=\"noopener\"><img src=\"http:\/\/cordobadirecto.com\/wp-content\/uploads\/2024\/07\/brubank-lanzo-su-vertical-para-empresas-y-quiere-captar-3-000-pymes-para-fin-de-ano-2.jpg\" loading=\"lazy\"><\/a><\/div>\n<\/div>\n","protected":false},"excerpt":{"rendered":"<p>&nbsp; En Brubank est\u00e1n convencidos que la nueva coyuntura de la macro -con un Estado retir\u00e1ndose del negocio de la colocaci\u00f3n de deuda para financiar su d\u00e9ficit- obligar\u00e1 a los bancos a volverse hacia el sector privada y la banca individual. Y aunque ese movimiento ya comenz\u00f3, lo cierto es que el banco digital que [&hellip;]<\/p>\n","protected":false},"author":1,"featured_media":152939,"comment_status":"closed","ping_status":"closed","sticky":false,"template":"","format":"standard","meta":[],"categories":[25],"tags":[],"_links":{"self":[{"href":"http:\/\/cordobadirecto.com\/index.php\/wp-json\/wp\/v2\/posts\/152938"}],"collection":[{"href":"http:\/\/cordobadirecto.com\/index.php\/wp-json\/wp\/v2\/posts"}],"about":[{"href":"http:\/\/cordobadirecto.com\/index.php\/wp-json\/wp\/v2\/types\/post"}],"author":[{"embeddable":true,"href":"http:\/\/cordobadirecto.com\/index.php\/wp-json\/wp\/v2\/users\/1"}],"replies":[{"embeddable":true,"href":"http:\/\/cordobadirecto.com\/index.php\/wp-json\/wp\/v2\/comments?post=152938"}],"version-history":[{"count":0,"href":"http:\/\/cordobadirecto.com\/index.php\/wp-json\/wp\/v2\/posts\/152938\/revisions"}],"wp:featuredmedia":[{"embeddable":true,"href":"http:\/\/cordobadirecto.com\/index.php\/wp-json\/wp\/v2\/media\/152939"}],"wp:attachment":[{"href":"http:\/\/cordobadirecto.com\/index.php\/wp-json\/wp\/v2\/media?parent=152938"}],"wp:term":[{"taxonomy":"category","embeddable":true,"href":"http:\/\/cordobadirecto.com\/index.php\/wp-json\/wp\/v2\/categories?post=152938"},{"taxonomy":"post_tag","embeddable":true,"href":"http:\/\/cordobadirecto.com\/index.php\/wp-json\/wp\/v2\/tags?post=152938"}],"curies":[{"name":"wp","href":"https:\/\/api.w.org\/{rel}","templated":true}]}}