{"id":152960,"date":"2024-07-17T20:04:36","date_gmt":"2024-07-17T20:04:36","guid":{"rendered":"https:\/\/www.ole.com.ar\/autos\/franco-colapinto-f2-hungria-dia-horario-ver-tv-online_0_vpdhoQfduX.html"},"modified":"2024-07-17T20:04:36","modified_gmt":"2024-07-17T20:04:36","slug":"franco-colapinto-en-la-f2-en-hungria-dia-hora-y-donde-ver-por-tv-y-online","status":"publish","type":"post","link":"http:\/\/cordobadirecto.com\/index.php\/2024\/07\/17\/franco-colapinto-en-la-f2-en-hungria-dia-hora-y-donde-ver-por-tv-y-online\/","title":{"rendered":"Franco Colapinto en la F2, en Hungr\u00eda: d\u00eda, hora y d\u00f3nde ver por TV y online"},"content":{"rendered":"<p><time class=\"createDate\" datetime=\"2024-07-17T17:04:36-03:00\">17\/07\/2024 17:04hs.<\/time><\/p>\n<div id=\"storyBody\">\n<div class=\"custom-text \" readability=\"32.882\">\n<p><strong>Franco Colapinto<\/strong> viene de unos d\u00edas de descanso, tras un intenso fin de semana con la <strong>F\u00f3rmula 2<\/strong> en Silverstone. All\u00ed, el pilarense <strong><a href=\"https:\/\/www.ole.com.ar\/tema\/6oNRWs6HG9.html\" title=\"particip\u00f3 del Gran Premio de Gran Breta\u00f1a\" alt=\"particip\u00f3 del Gran Premio de Gran Breta\u00f1a\">particip\u00f3 del Gran Premio de Gran Breta\u00f1a<\/a> <\/strong>y tambi\u00e9n se dio el lujo de probar<strong> <a href=\"https:\/\/www.ole.com.ar\/tema\/E32AFSicDx.html\" title=\"probar un F\u00f3rmula 1 en la FP1 (primera pr\u00e1ctica libre) con Williams\" alt=\"probar un F\u00f3rmula 1 en la FP1 (primera pr\u00e1ctica libre) con Williams\">un F\u00f3rmula 1 en la primera pr\u00e1ctica libre con Williams<\/a><\/strong>, escuder\u00eda en la que integra su academia de pilotos. Ahora, el joven se prepara para disputar la 9\u00aa fecha de la categor\u00eda telonera de la M\u00e1xima, donde buscar\u00e1 seguir con su buena racha en el trazado de Budapest, en Hungr\u00eda.<\/p>\n<\/div>\n<p><h2>D\u00eda, horario y d\u00f3nde ver a Colapinto con la F2 en Hungr\u00eda<\/h2>\n<\/p>\n<div class=\"custom-text \" readability=\"43\">\n<p>Este viernes, a partir de las 6.05 (horario argentino), el piloto de 21 a\u00f1os girar\u00e1 en la primera pr\u00e1ctica libre, y a las 11 participar\u00e1 en la clasificaci\u00f3n. El s\u00e1bado, desde las 9.15, volver\u00e1 a la pista por la carrera sprint. Por \u00faltimo, <strong>el domingo, a las 5.05, se pondr\u00e1 en marcha la carrera principal<\/strong>. Toda la actividad ir\u00e1 por <strong>Disney+ Premium<\/strong> (reemplazante de Star+).<\/p>\n<\/div>\n<div class=\"sc-e7b891c4-0 jPbnQF\"><img alt=\"Franco Colapinto termin\u00f3 5\u00b0 en la carrera sprint de la F2\/F\u00f3rmula 2 en Silverstone.\" src=\"http:\/\/cordobadirecto.com\/wp-content\/uploads\/2024\/07\/franco-colapinto-en-la-f2-en-hungria-dia-hora-y-donde-ver-por-tv-y-online.jpg\" width=\"720\" height=\"100\" decoding=\"async\" data-nimg=\"future\" loading=\"lazy\"><span class=\"epigraphe\">Franco Colapinto termin\u00f3 5\u00b0 en la carrera sprint de la F2\/F\u00f3rmula 2 en Silverstone.<\/span><\/div>\n<p><h2>C\u00f3mo le fue a Colapinto en Hungr\u00eda en 2023<\/h2>\n<\/p>\n<div class=\"custom-text \" readability=\"42\">\n<p>Cuando a\u00fan corr\u00eda en la F\u00f3rmula 3, la tercera divisional de la escalera hacia la F1, Franco disput\u00f3 all\u00ed la octava fecha del calendario el a\u00f1o pasado. En la clasificaci\u00f3n, el fan\u00e1tico de Boca termin\u00f3 4\u00b0, a 535 mil\u00e9simas del l\u00edder Zak O\u2019Sullivan. Ya en el Sprint, el joven de la Academia de Williams arrib\u00f3 7\u00b0, mientras que Gabriele Min\u00ed se qued\u00f3 con la victoria. En la carrera del domingo, el pilarense ascendi\u00f3 a la <strong>tercera posici\u00f3n<\/strong> y asegur\u00f3 su lugar en el podio.<\/p>\n<\/div>\n<div class=\"sc-e7b891c4-0 jPbnQF\"><img alt=\"Colapinto en el F1 de Williams.\" src=\"http:\/\/cordobadirecto.com\/wp-content\/uploads\/2024\/07\/franco-colapinto-en-la-f2-en-hungria-dia-hora-y-donde-ver-por-tv-y-online-1.jpg\" width=\"720\" height=\"100\" decoding=\"async\" data-nimg=\"future\" loading=\"lazy\"><span class=\"epigraphe\">Colapinto en el F1 de Williams.<\/span><\/div>\n<div class=\"custom-text \" readability=\"42\">\n<p>Por otro lado, el argentino, quien viene de probar un F1 en la primera pr\u00e1ctica de Silverstone, tiene chances de volver a hacerlo pronto. &#8220;En teor\u00eda volver\u00eda a probar el Williams en una pr\u00e1ctica libre de Gran Premio. No puedo decir d\u00f3nde o cu\u00e1ndo, pero es s\u00faper probable que eso suceda. <strong>Hay much\u00edsimas posibilidades<\/strong>&#8220;, declar\u00f3 Mar\u00eda Catarineu, directora comercial de Bullet Sports Management (la agencia que representa a Colapinto), en di\u00e1logo con Automundo.<\/p>\n<\/div>\n<div class=\"sc-e7b891c4-0 jPbnQF\"><img alt=\"Colapinto y la posibilidad de volver a subirse a un F\u00f3rmula 1.\" src=\"http:\/\/cordobadirecto.com\/wp-content\/uploads\/2024\/07\/franco-colapinto-en-la-f2-en-hungria-dia-hora-y-donde-ver-por-tv-y-online-2.jpg\" width=\"720\" height=\"100\" decoding=\"async\" data-nimg=\"future\" loading=\"lazy\"><span class=\"epigraphe\">Colapinto y la posibilidad de volver a subirse a un F\u00f3rmula 1.<\/span><\/div>\n<p><h2><strong>La tabla de posiciones F\u00f3rmula 2<\/strong><\/h2>\n<\/p>\n<div class=\"custom-text \">\n<ol>\n<li>Isack Hadjar 133<\/li>\n<li>Paul Aron 117<\/li>\n<li>Zane Maloney 101<\/li>\n<li>Gabriel Bortoleto 98<\/li>\n<li>Franco Colapinto 92<\/li>\n<li>Jak Crawford 84<\/li>\n<li>Dennis Hauger 66<\/li>\n<li>Kimi Antonelli 59<\/li>\n<li>Kush Maini 58<\/li>\n<li>Enzo Fittipaldi 48<\/li>\n<li>Zak O\u2019Sullivan 42<\/li>\n<li>Jos\u00e9 Mart\u00ed 38<\/li>\n<li>Oliver Bearman 34<\/li>\n<li>Victor Martins 31<\/li>\n<li>Juan Manuel Correa 30<\/li>\n<li>Amaury Cordeel 25<\/li>\n<li>Joshua Duerksen 24<\/li>\n<li>Ritoma Miyata 19<\/li>\n<li>Richard Verschoor 17<\/li>\n<li>Roman Stanek 14<\/li>\n<li>Taylor Barnard 14<\/li>\n<li>Rafael Villag\u00f3mez 8<\/li>\n<\/ol>\n<\/div>\n<div class=\"sc-a7166897-0 exHLBh\" readability=\"6\">\n<section readability=\"2\"><picture><img alt=\"Video: choc\u00f3 y vol\u00f3 por los aires en la \u00faltima vuelta del IndyCar en Iowa\" src=\"http:\/\/cordobadirecto.com\/wp-content\/uploads\/2024\/07\/franco-colapinto-en-la-f2-en-hungria-dia-hora-y-donde-ver-por-tv-y-online-3.jpg\" width=\"290\" height=\"290\" decoding=\"async\" data-nimg=\"future\" loading=\"lazy\"><\/picture>\n<p><span>Mir\u00e1 tambi\u00e9n<\/span><\/p>\n<hr>\n<h3>Video: choc\u00f3 y vol\u00f3 por los aires en la \u00faltima vuelta del IndyCar en Iowa<\/h3>\n<\/p>\n<\/section>\n<\/div>\n<div class=\"sc-a7166897-0 exHLBh\" readability=\"6\">\n<section readability=\"2\"><picture><img alt=\"A Canapino se le fren\u00f3 el auto y se le arruin\u00f3 la carrera en Iowa\" src=\"http:\/\/cordobadirecto.com\/wp-content\/uploads\/2024\/07\/franco-colapinto-en-la-f2-en-hungria-dia-hora-y-donde-ver-por-tv-y-online-4.jpg\" width=\"290\" height=\"290\" decoding=\"async\" data-nimg=\"future\" loading=\"lazy\"><\/picture>\n<p><span>Mir\u00e1 tambi\u00e9n<\/span><\/p>\n<hr>\n<h3>A Canapino se le fren\u00f3 el auto y se le arruin\u00f3 la carrera en Iowa<\/h3>\n<\/p>\n<\/section>\n<\/div>\n<div class=\"sc-a7166897-0 exHLBh\" readability=\"6\">\n<section readability=\"2\"><picture><img alt=\"Bombazo: el m\u00faltiple campe\u00f3n de la IndyCar que se quiere subir a un TC\" src=\"http:\/\/cordobadirecto.com\/wp-content\/uploads\/2024\/07\/franco-colapinto-en-la-f2-en-hungria-dia-hora-y-donde-ver-por-tv-y-online-5.jpg\" width=\"290\" height=\"290\" decoding=\"async\" data-nimg=\"future\" loading=\"lazy\"><\/picture>\n<p><span>Mir\u00e1 tambi\u00e9n<\/span><\/p>\n<hr>\n<h3>Bombazo: el m\u00faltiple campe\u00f3n de la IndyCar que se quiere subir a un TC<\/h3>\n<\/p>\n<\/section>\n<\/div>\n<div class=\"sc-a7166897-0 exHLBh\" readability=\"6\">\n<section readability=\"2\"><picture><img alt=\"Comparativa: qu\u00e9 piloto de F1 viene siendo el mejor en su escuder\u00eda\" src=\"http:\/\/cordobadirecto.com\/wp-content\/uploads\/2024\/07\/franco-colapinto-en-la-f2-en-hungria-dia-hora-y-donde-ver-por-tv-y-online-6.jpg\" width=\"290\" height=\"290\" decoding=\"async\" data-nimg=\"future\" loading=\"lazy\"><\/picture>\n<p><span>Mir\u00e1 tambi\u00e9n<\/span><\/p>\n<hr>\n<h3>Comparativa: qu\u00e9 piloto de F1 viene siendo el mejor en su escuder\u00eda<\/h3>\n<\/p>\n<\/section>\n<\/div>\n<\/div>\n","protected":false},"excerpt":{"rendered":"<p>17\/07\/2024 17:04hs. Franco Colapinto viene de unos d\u00edas de descanso, tras un intenso fin de semana con la F\u00f3rmula 2 en Silverstone. All\u00ed, el pilarense particip\u00f3 del Gran Premio de Gran Breta\u00f1a y tambi\u00e9n se dio el lujo de probar un F\u00f3rmula 1 en la primera pr\u00e1ctica libre con Williams, escuder\u00eda en la que integra [&hellip;]<\/p>\n","protected":false},"author":1,"featured_media":152961,"comment_status":"closed","ping_status":"closed","sticky":false,"template":"","format":"standard","meta":[],"categories":[21],"tags":[],"_links":{"self":[{"href":"http:\/\/cordobadirecto.com\/index.php\/wp-json\/wp\/v2\/posts\/152960"}],"collection":[{"href":"http:\/\/cordobadirecto.com\/index.php\/wp-json\/wp\/v2\/posts"}],"about":[{"href":"http:\/\/cordobadirecto.com\/index.php\/wp-json\/wp\/v2\/types\/post"}],"author":[{"embeddable":true,"href":"http:\/\/cordobadirecto.com\/index.php\/wp-json\/wp\/v2\/users\/1"}],"replies":[{"embeddable":true,"href":"http:\/\/cordobadirecto.com\/index.php\/wp-json\/wp\/v2\/comments?post=152960"}],"version-history":[{"count":0,"href":"http:\/\/cordobadirecto.com\/index.php\/wp-json\/wp\/v2\/posts\/152960\/revisions"}],"wp:featuredmedia":[{"embeddable":true,"href":"http:\/\/cordobadirecto.com\/index.php\/wp-json\/wp\/v2\/media\/152961"}],"wp:attachment":[{"href":"http:\/\/cordobadirecto.com\/index.php\/wp-json\/wp\/v2\/media?parent=152960"}],"wp:term":[{"taxonomy":"category","embeddable":true,"href":"http:\/\/cordobadirecto.com\/index.php\/wp-json\/wp\/v2\/categories?post=152960"},{"taxonomy":"post_tag","embeddable":true,"href":"http:\/\/cordobadirecto.com\/index.php\/wp-json\/wp\/v2\/tags?post=152960"}],"curies":[{"name":"wp","href":"https:\/\/api.w.org\/{rel}","templated":true}]}}