{"id":152962,"date":"2024-07-18T09:11:57","date_gmt":"2024-07-18T09:11:57","guid":{"rendered":"https:\/\/www.ole.com.ar\/futbol-ascenso\/ascenso-primera-nacional-talleres-escalada_0_UeYEYr93LF.html"},"modified":"2024-07-18T09:11:57","modified_gmt":"2024-07-18T09:11:57","slug":"ascendio-dio-el-batacazo-contra-racing-y-ahora-lo-separaron-del-plantel","status":"publish","type":"post","link":"http:\/\/cordobadirecto.com\/index.php\/2024\/07\/18\/ascendio-dio-el-batacazo-contra-racing-y-ahora-lo-separaron-del-plantel\/","title":{"rendered":"Ascendi\u00f3, dio el batacazo contra Racing y ahora lo separaron del plantel"},"content":{"rendered":"<p><time class=\"createDate\" datetime=\"2024-07-17T18:46:49-03:00\">17\/07\/2024 18:46hs.<\/time><\/p>\n<div id=\"storyBody\">\n<div class=\"custom-text \" readability=\"31.776470588235\">\n<p><a href=\"https:\/\/www.ole.com.ar\/tema\/talleres-re.html\" target=\"_self\" title=\"Talleres de Remedidos de Escalada\" alt=\"Talleres de Remedidos de Escalada\" rel=\"noopener\">Talleres<\/a><a href=\"https:\/\/www.ole.com.ar\/tema\/talleres-re.html\" target=\"_self\" title=\"Talleres de Remedidos de Escalada\" alt=\"Talleres de Remedidos de Escalada\" rel=\"noopener\"> de Remedidos de Escalada<\/a> atraviesa un momento deportivo delicado en la <a href=\"https:\/\/www.ole.com.ar\/tema\/primera-nacional.html\" title=\"Primera Nacional\" alt=\"Primera Nacional\" class=\"slug\">Primera Nacional<\/a>. En el primer torneo tras la vuelta a la categor\u00eda, no supo mantener el buen comienzo y <strong>actualmente pelea en los \u00faltimos lugares de la Zona A<\/strong>: supera a G\u00fcemes -descenso directo- por apenas cuatro puntos, y se ubica en puestos de promoci\u00f3n.<\/p>\n<\/div>\n<div class=\"custom-text \" readability=\"37\">\n<p>En este contexto, desde las redes sociales del club se inform\u00f3<strong> la rescisi\u00f3n de contrato<\/strong> de un jugador que fue parte del proceso para lograr el ascenso a la actual categor\u00eda. <strong>Se trata de Ciro Campuzano<\/strong>, delantero de 26 a\u00f1os, que deja el conjunto de Escalada tras un a\u00f1o.<\/p>\n<\/div>\n<div class=\"sc-e7b891c4-0 jPbnQF\"><img alt=\"Ciro Campuzano fue separado del plantel de Talleres de Remedios de Escalada (Foto: Prensa Talleres)\" src=\"http:\/\/cordobadirecto.com\/wp-content\/uploads\/2024\/07\/ascendio-dio-el-batacazo-contra-racing-y-ahora-lo-separaron-del-plantel.jpg\" width=\"720\" height=\"100\" decoding=\"async\" data-nimg=\"future\" loading=\"lazy\"><span class=\"epigraphe\">Ciro Campuzano fue separado del plantel de Talleres de Remedios de Escalada (Foto: Prensa Talleres)<\/span><\/div>\n<div class=\"custom-text \" readability=\"37\">\n<p>Seg\u00fan explic\u00f3 el club del Sur mediante un comunicado en sus redes sociales, la decisi\u00f3n de separar al atacante del plantel <strong>se debe a una cuesti\u00f3n extrafutbol\u00edstica.<\/strong> Adem\u00e1s, argumenta que<strong> fue una decisi\u00f3n conjunta entre el cuerpo t\u00e9cnico y la Comisi\u00f3n Directiva<\/strong> (Departamento de F\u00fatbol Profesional). <\/p>\n<\/div>\n<div class=\"custom-text \" readability=\"34\">\n<p>De momento <strong>se desconocen los motivos que desencadenaron con esta fuerte medida <\/strong>contra el oriundo de Florencio Varela, m\u00e1s all\u00e1 de la versi\u00f3n oficial que brind\u00f3 la instituci\u00f3n. <\/p>\n<\/div>\n<p><h2><strong>La participaci\u00f3n de Campuzano en Talleres (RE): el partido contra Racing y sus n\u00fameros<\/strong><\/h2>\n<\/p>\n<div class=\"custom-text \" readability=\"36\">\n<p>El delantero lleg\u00f3 al club bonaresense a mediados del a\u00f1o pasado, proveniente de Ituzaing\u00f3, donde jug\u00f3 tan solo seis meses. <strong>Permaneci\u00f3 en el Rojo de Escalada durante una temporada y fue importante. <\/strong><\/p>\n<\/div>\n<div class=\"custom-text \" readability=\"37\">\n<p>Con la camiseta albirroja, durante la presente temporada,<strong> disput\u00f3 20 encuentros sobre 23 posibles.<\/strong> 12 de ellos fueron ingresando desde el banco, mientras que en los ocho restantes fue de la partida. <strong>Logr\u00f3 anotar un tanto<\/strong> (en la derrota por 2-3 frente a Deportivo Maip\u00fa en la fecha 18). <\/p>\n<\/div>\n<div class=\"custom-text \" readability=\"31.666666666667\">\n<p>Lo m\u00e1s destacado de su paso por el equipo de Lan\u00fas fue <strong>la asistencia que le brind\u00f3 a Diogo Agust\u00edn Guzm\u00e1n frente a <a href=\"https:\/\/www.ole.com.ar\/racing\" target=\"_self\" title=\"Racing\" alt=\"Racing\" rel=\"noopener\">Racing<\/a>,<\/strong> en el hist\u00f3rico triunfo por 2-1 en los 16avos de final de la <a href=\"https:\/\/www.ole.com.ar\/copa-argentina\" target=\"_self\" title=\"Copa Argentina\" alt=\"Copa Argentina\" rel=\"noopener\">Copa Argentina<\/a> 2024. <\/p>\n<\/div>\n<div type=\"embed\" class=\"sc-3f46f5ae-0 djVTgz\">\n<div class=\"sc-3f46f5ae-1 fTjZec videoText\" id=\"contentTitleembeduD4BCs5J\" type=\"embed\"><svg fill=\"#ffffff\"><symbol id=\"play\" viewBox=\"0 0 512 512\"><path d=\"M512 256C512 397.4 397.4 512 256 512C114.6 512 0 397.4 0 256C0 114.6 114.6 0 256 0C397.4 0 512 114.6 512 256zM176 168V344C176 352.7 180.7 360.7 188.3 364.9C195.8 369.2 205.1 369 212.5 364.5L356.5 276.5C363.6 272.1 368 264.4 368 256C368 247.6 363.6 239.9 356.5 235.5L212.5 147.5C205.1 142.1 195.8 142.8 188.3 147.1C180.7 151.3 176 159.3 176 168V168z\" \/><\/symbol><use xlink:href=\"#play\" \/><\/svg><\/p>\n<div class=\"right\">\n<p>Talleres (RE)<!-- --> &#8211;<!-- --> <span>&nbsp;<\/span><\/p>\n<h2 class=\"title-vid\">Guzm\u00e1n puso el 2 a 1 ante Racing sobre el final del partido<\/h2>\n<\/div>\n<\/div>\n<p><span class=\"back\" id=\"spanBackembeduD4BCs5J\"><\/span><\/div>\n<p><h2><strong>El comunicado oficial del club acerca de la situaci\u00f3n <\/strong><\/h2>\n<\/p>\n<div class=\"custom-text \" readability=\"36\">\n<p>&#8220;El C.A.Talleres comunica que en una decisi\u00f3n conjunta entre el Dpto. de F\u00fatbol Profesional y el cuerpo t\u00e9cnico, el futbolista <strong>Ciro Campuzano ha sido separado del plantel por motivos extra futbol\u00edsticos<\/strong>.&#8221;, public\u00f3 la cuenta oficial de la instituci\u00f3n. <\/p>\n<\/div>\n<div class=\"sc-a7166897-0 exHLBh\" readability=\"6\">\n<section readability=\"2\"><picture><img alt=\"Una de las figuras de Racing (C) pega el salto a la Liga\" src=\"http:\/\/cordobadirecto.com\/wp-content\/uploads\/2024\/07\/ascendio-dio-el-batacazo-contra-racing-y-ahora-lo-separaron-del-plantel-1.jpg\" width=\"290\" height=\"290\" decoding=\"async\" data-nimg=\"future\" loading=\"lazy\"><\/picture>\n<p><span>Mir\u00e1 tambi\u00e9n<\/span><\/p>\n<hr>\n<h3>Una de las figuras de Racing (C) pega el salto a la Liga<\/h3>\n<\/p>\n<\/section>\n<\/div>\n<div class=\"sc-a7166897-0 exHLBh\" readability=\"6\">\n<section readability=\"2\"><picture><img alt=\"Mercado de pases: m\u00e1s de 100 refuerzos a horas del reinicio del torneo\" src=\"http:\/\/cordobadirecto.com\/wp-content\/uploads\/2024\/07\/ascendio-dio-el-batacazo-contra-racing-y-ahora-lo-separaron-del-plantel-2.jpg\" width=\"290\" height=\"290\" decoding=\"async\" data-nimg=\"future\" loading=\"lazy\"><\/picture>\n<p><span>Mir\u00e1 tambi\u00e9n<\/span><\/p>\n<hr>\n<h3>Mercado de pases: m\u00e1s de 100 refuerzos a horas del reinicio del torneo<\/h3>\n<\/p>\n<\/section>\n<\/div>\n<div class=\"sc-a7166897-0 exHLBh\" readability=\"6\">\n<section readability=\"2\"><picture><img alt=\"Mascherano banc\u00f3 a Enzo Fern\u00e1ndez: &quot;No somos racistas&quot;\" src=\"http:\/\/cordobadirecto.com\/wp-content\/uploads\/2024\/07\/ascendio-dio-el-batacazo-contra-racing-y-ahora-lo-separaron-del-plantel-3.jpg\" width=\"290\" height=\"290\" decoding=\"async\" data-nimg=\"future\" loading=\"lazy\"><\/picture>\n<p><span>Mir\u00e1 tambi\u00e9n<\/span><\/p>\n<hr>\n<h3>Mascherano banc\u00f3 a Enzo Fern\u00e1ndez: &#8220;No somos racistas&#8221;<\/h3>\n<\/p>\n<\/section>\n<\/div>\n<div class=\"sc-a7166897-0 exHLBh\" readability=\"6\">\n<section readability=\"2\"><picture><img alt=\"El 10 de la Reserva de River rescindi\u00f3 su contrato con el club\" src=\"http:\/\/cordobadirecto.com\/wp-content\/uploads\/2024\/07\/ascendio-dio-el-batacazo-contra-racing-y-ahora-lo-separaron-del-plantel-4.jpg\" width=\"290\" height=\"290\" decoding=\"async\" data-nimg=\"future\" loading=\"lazy\"><\/picture>\n<p><span>Mir\u00e1 tambi\u00e9n<\/span><\/p>\n<hr>\n<h3>El 10 de la Reserva de River rescindi\u00f3 su contrato con el club<\/h3>\n<\/p>\n<\/section>\n<\/div>\n<\/div>\n","protected":false},"excerpt":{"rendered":"<p>17\/07\/2024 18:46hs. Talleres de Remedidos de Escalada atraviesa un momento deportivo delicado en la Primera Nacional. En el primer torneo tras la vuelta a la categor\u00eda, no supo mantener el buen comienzo y actualmente pelea en los \u00faltimos lugares de la Zona A: supera a G\u00fcemes -descenso directo- por apenas cuatro puntos, y se ubica [&hellip;]<\/p>\n","protected":false},"author":1,"featured_media":152963,"comment_status":"closed","ping_status":"closed","sticky":false,"template":"","format":"standard","meta":[],"categories":[21],"tags":[],"_links":{"self":[{"href":"http:\/\/cordobadirecto.com\/index.php\/wp-json\/wp\/v2\/posts\/152962"}],"collection":[{"href":"http:\/\/cordobadirecto.com\/index.php\/wp-json\/wp\/v2\/posts"}],"about":[{"href":"http:\/\/cordobadirecto.com\/index.php\/wp-json\/wp\/v2\/types\/post"}],"author":[{"embeddable":true,"href":"http:\/\/cordobadirecto.com\/index.php\/wp-json\/wp\/v2\/users\/1"}],"replies":[{"embeddable":true,"href":"http:\/\/cordobadirecto.com\/index.php\/wp-json\/wp\/v2\/comments?post=152962"}],"version-history":[{"count":0,"href":"http:\/\/cordobadirecto.com\/index.php\/wp-json\/wp\/v2\/posts\/152962\/revisions"}],"wp:featuredmedia":[{"embeddable":true,"href":"http:\/\/cordobadirecto.com\/index.php\/wp-json\/wp\/v2\/media\/152963"}],"wp:attachment":[{"href":"http:\/\/cordobadirecto.com\/index.php\/wp-json\/wp\/v2\/media?parent=152962"}],"wp:term":[{"taxonomy":"category","embeddable":true,"href":"http:\/\/cordobadirecto.com\/index.php\/wp-json\/wp\/v2\/categories?post=152962"},{"taxonomy":"post_tag","embeddable":true,"href":"http:\/\/cordobadirecto.com\/index.php\/wp-json\/wp\/v2\/tags?post=152962"}],"curies":[{"name":"wp","href":"https:\/\/api.w.org\/{rel}","templated":true}]}}