{"id":152964,"date":"2024-07-17T20:48:56","date_gmt":"2024-07-17T20:48:56","guid":{"rendered":"https:\/\/es.digitaltrends.com\/?p=1034032"},"modified":"2024-07-17T20:48:56","modified_gmt":"2024-07-17T20:48:56","slug":"este-es-el-emoji-mas-2024-y-este-ademas-es-su-significado","status":"publish","type":"post","link":"http:\/\/cordobadirecto.com\/index.php\/2024\/07\/17\/este-es-el-emoji-mas-2024-y-este-ademas-es-su-significado\/","title":{"rendered":"Este es el emoji m\u00e1s 2024 y este adem\u00e1s es su significado"},"content":{"rendered":"<p>Este 17 de julio se celebra en el mundo el <strong>D\u00eda del Emoji<\/strong>, una oportunidad para repasar estos complementos ideales y muchas veces m\u00e9todo primario de comunicaci\u00f3n en la era de internet, sobre todo en redes sociales y plataformas de mensajer\u00eda.<\/p>\n<p>Y en conmemoraci\u00f3n de esto, el sitio emojipedia realiz\u00f3 un concurso para validar el emoticon que mejor representa el 2024.<\/p>\n<p>Tal como en un torneo deportivo donde se eliminan por llaves, solo dos <a href=\"https:\/\/es.digitaltrends.com\/tendencias\/cientificos-no-les-gustan-emojis-naturaleza\/\"><strong>emojis<\/strong><\/a> llegaron a la gran final: la cara derretida \ud83e\udee0y la cara llorosa\ud83e\udd79.<\/p>\n<p>Y EL GANADOR ES:<\/p>\n<figure id=\"attachment_1034033\" aria-describedby=\"caption-attachment-1034033\" class=\"wp-caption alignnone\"><img src=\"http:\/\/cordobadirecto.com\/wp-content\/uploads\/2024\/07\/este-es-el-emoji-mas-2024-y-este-ademas-es-su-significado.gif\" data-dt-lazy-src=\"https:\/\/es.digitaltrends.com\/wp-content\/uploads\/2024\/07\/emoji-2024.jpeg?fit=720%2C353&amp;p=1\" fetchpriority=\"high\" decoding=\"async\" class=\" size-large wp-image-1034033 h-lightbox is-zoomable dt-lazy-load dt-lazy-pending\" alt><figcaption id=\"caption-attachment-1034033\" class=\"wp-caption-text\"><span class=\"credit\">Imagen utilizada con permiso del titular de los derechos de autor<\/span><\/figcaption><\/figure>\n<p>La <strong>cara derretida<\/strong> se llev\u00f3 los premios despu\u00e9s de las votaciones populares en redes sociales.<\/p>\n<p>\u00abEl concurso de este a\u00f1o entre&nbsp;<a href=\"https:\/\/emojipedia.org\/melting-face\/?ref=blog.emojipedia.org\">\ud83e\udee0 Melting Face<\/a>&nbsp;y&nbsp;<a href=\"https:\/\/emojipedia.org\/face-holding-back-tears\/?ref=blog.emojipedia.org\">\ud83e\udd79 Face Holding Back Tears<\/a>&nbsp;fue una repetici\u00f3n de la final de nuestro&nbsp;<a href=\"https:\/\/worldemojiawards.com\/2022\/most-2022-emoji?ref=blog.emojipedia.org\">Premio Emoji M\u00e1s 2022<\/a>. Este es tambi\u00e9n el tercer a\u00f1o consecutivo que&nbsp;<a href=\"https:\/\/emojipedia.org\/melting-face\/?ref=blog.emojipedia.org\">Melting \ud83e\udee0 Face<\/a>&nbsp;gana este premio despu\u00e9s de vencer tambi\u00e9n al emoji de&nbsp;<a href=\"https:\/\/emojipedia.org\/pink-heart?ref=blog.emojipedia.org\" rel=\"noreferrer\">coraz\u00f3n rosa liso \ud83e\ude77<\/a> en 2023\u2033, dicen en Emojipedia.<\/p>\n<p><strong>\u00bfQu\u00e9 significa la cara derretida?<\/strong><\/p>\n<p>\u00abUna cara sonriente amarilla que se derrite en un charco. Los ojos y la boca se deslizan por la cara, pero a\u00fan mantienen una sonrisa distorsionada. Esta cualidad le da a este emoji el sarcasmo.<\/p>\n<p>Se puede usar literalmente para hablar de calor extremo. Tambi\u00e9n se puede usar metaf\u00f3ricamente para hablar sobre la verg\u00fcenza, la verg\u00fcenza, una sensaci\u00f3n de temor que se hunde lentamente o sentirse abrumado de alguna manera.<\/p>\n<p><i>Melting Face<\/i>&nbsp;se aprob\u00f3 como parte de&nbsp;<a class=\"Link_link-wrapper__C33u_ Link_link-underline__zD5VS\" href=\"https:\/\/emojipedia.org\/unicode-14.0\" target=\"_self\" rel=\"noopener\">Unicode 14.0<\/a>&nbsp;en 2021 y se agreg\u00f3 a&nbsp;<a class=\"Link_link-wrapper__C33u_ Link_link-underline__zD5VS\" href=\"https:\/\/emojipedia.org\/emoji-14.0\" target=\"_self\" rel=\"noopener\">Emoji 14.0<\/a> en 2021\u2033.<\/p>\n<figure id=\"attachment_1034034\" aria-describedby=\"caption-attachment-1034034\" class=\"wp-caption alignnone\"><img src=\"http:\/\/cordobadirecto.com\/wp-content\/uploads\/2024\/07\/este-es-el-emoji-mas-2024-y-este-ademas-es-su-significado.gif\" data-dt-lazy-src=\"https:\/\/es.digitaltrends.com\/wp-content\/uploads\/2024\/07\/Cara-derretida.jpeg?fit=720%2C354&amp;p=1\" decoding=\"async\" class=\" size-large wp-image-1034034 h-lightbox is-zoomable dt-lazy-load dt-lazy-pending\" alt><figcaption id=\"caption-attachment-1034034\" class=\"wp-caption-text\"><span class=\"credit\">Imagen utilizada con permiso del titular de los derechos de autor<\/span><\/figcaption><\/figure>\n<p> <span id=\"publisher-md\" itemprop=\"publisher\" itemscope itemtype=\"https:\/\/schema.org\/Organization\"> <span itemprop=\"url\" itemtype=\"https:\/\/schema.org\/Url\" content=\"https:\/\/es.digitaltrends.com\"> <span itemprop=\"logo\" itemscope itemtype=\"https:\/\/schema.org\/ImageObject\"> <meta itemprop=\"url\" content=\"https:\/\/cdn.dtcn.com\/dt\/dt-logo-small.png\"> <meta itemprop=\"width\" content=\"0\"> <meta itemprop=\"height\" content=\"0\"> <\/span> <meta itemprop=\"name\" content=\"Digital Trends Espa\u00f1ol\"> <\/span> <span itemprop=\"image\" itemscope itemtype=\"https:\/\/schema.org\/ImageObject\"> <meta itemprop=\"url\" content=\"https:\/\/es.digitaltrends.com\/wp-content\/uploads\/2023\/04\/actualizar-emojis.jpg?p=1\"> <\/span> <\/span> <\/p>\n","protected":false},"excerpt":{"rendered":"<p>Este 17 de julio se celebra en el mundo el D\u00eda del Emoji, una oportunidad para repasar estos complementos ideales y muchas veces m\u00e9todo primario de comunicaci\u00f3n en la era de internet, sobre todo en redes sociales y plataformas de mensajer\u00eda. Y en conmemoraci\u00f3n de esto, el sitio emojipedia realiz\u00f3 un concurso para validar el [&hellip;]<\/p>\n","protected":false},"author":1,"featured_media":152965,"comment_status":"closed","ping_status":"closed","sticky":false,"template":"","format":"standard","meta":[],"categories":[26],"tags":[],"_links":{"self":[{"href":"http:\/\/cordobadirecto.com\/index.php\/wp-json\/wp\/v2\/posts\/152964"}],"collection":[{"href":"http:\/\/cordobadirecto.com\/index.php\/wp-json\/wp\/v2\/posts"}],"about":[{"href":"http:\/\/cordobadirecto.com\/index.php\/wp-json\/wp\/v2\/types\/post"}],"author":[{"embeddable":true,"href":"http:\/\/cordobadirecto.com\/index.php\/wp-json\/wp\/v2\/users\/1"}],"replies":[{"embeddable":true,"href":"http:\/\/cordobadirecto.com\/index.php\/wp-json\/wp\/v2\/comments?post=152964"}],"version-history":[{"count":0,"href":"http:\/\/cordobadirecto.com\/index.php\/wp-json\/wp\/v2\/posts\/152964\/revisions"}],"wp:featuredmedia":[{"embeddable":true,"href":"http:\/\/cordobadirecto.com\/index.php\/wp-json\/wp\/v2\/media\/152965"}],"wp:attachment":[{"href":"http:\/\/cordobadirecto.com\/index.php\/wp-json\/wp\/v2\/media?parent=152964"}],"wp:term":[{"taxonomy":"category","embeddable":true,"href":"http:\/\/cordobadirecto.com\/index.php\/wp-json\/wp\/v2\/categories?post=152964"},{"taxonomy":"post_tag","embeddable":true,"href":"http:\/\/cordobadirecto.com\/index.php\/wp-json\/wp\/v2\/tags?post=152964"}],"curies":[{"name":"wp","href":"https:\/\/api.w.org\/{rel}","templated":true}]}}