{"id":15297,"date":"2021-08-23T14:26:15","date_gmt":"2021-08-23T14:26:15","guid":{"rendered":"http:\/\/cordobadirecto.com\/index.php\/2021\/08\/23\/lo-que-nos-dejo-la-cumbre-de-economia-circular-municipalidad-de-cordoba\/"},"modified":"2021-08-23T14:26:15","modified_gmt":"2021-08-23T14:26:15","slug":"lo-que-nos-dejo-la-cumbre-de-economia-circular-municipalidad-de-cordoba","status":"publish","type":"post","link":"http:\/\/cordobadirecto.com\/index.php\/2021\/08\/23\/lo-que-nos-dejo-la-cumbre-de-economia-circular-municipalidad-de-cordoba\/","title":{"rendered":"Lo que nos dej\u00f3 la Cumbre de <b>Econom\u00eda<\/b> Circular &#8211; Municipalidad de C\u00f3rdoba"},"content":{"rendered":"<p>Compartimos y articulamos <b>nuevos<\/b> modelos de pol\u00edticas ambientales, mostramos experiencias, difundimos l\u00edneas de financiamiento, innovaci\u00f3n y desarrollos&nbsp;&#8230; <\/p>\n","protected":false},"excerpt":{"rendered":"<p>Compartimos y articulamos nuevos modelos de pol\u00edticas ambientales, mostramos experiencias, difundimos l\u00edneas de financiamiento, innovaci\u00f3n y desarrollos&nbsp;&#8230;<\/p>\n","protected":false},"author":1,"featured_media":0,"comment_status":"closed","ping_status":"closed","sticky":false,"template":"","format":"standard","meta":[],"categories":[40],"tags":[],"_links":{"self":[{"href":"http:\/\/cordobadirecto.com\/index.php\/wp-json\/wp\/v2\/posts\/15297"}],"collection":[{"href":"http:\/\/cordobadirecto.com\/index.php\/wp-json\/wp\/v2\/posts"}],"about":[{"href":"http:\/\/cordobadirecto.com\/index.php\/wp-json\/wp\/v2\/types\/post"}],"author":[{"embeddable":true,"href":"http:\/\/cordobadirecto.com\/index.php\/wp-json\/wp\/v2\/users\/1"}],"replies":[{"embeddable":true,"href":"http:\/\/cordobadirecto.com\/index.php\/wp-json\/wp\/v2\/comments?post=15297"}],"version-history":[{"count":0,"href":"http:\/\/cordobadirecto.com\/index.php\/wp-json\/wp\/v2\/posts\/15297\/revisions"}],"wp:attachment":[{"href":"http:\/\/cordobadirecto.com\/index.php\/wp-json\/wp\/v2\/media?parent=15297"}],"wp:term":[{"taxonomy":"category","embeddable":true,"href":"http:\/\/cordobadirecto.com\/index.php\/wp-json\/wp\/v2\/categories?post=15297"},{"taxonomy":"post_tag","embeddable":true,"href":"http:\/\/cordobadirecto.com\/index.php\/wp-json\/wp\/v2\/tags?post=15297"}],"curies":[{"name":"wp","href":"https:\/\/api.w.org\/{rel}","templated":true}]}}