{"id":15300,"date":"2021-08-24T13:55:00","date_gmt":"2021-08-24T13:55:00","guid":{"rendered":"http:\/\/cordobadirecto.com\/index.php\/2021\/08\/24\/iran-registra-por-primera-vez-mas-de-700-muertes-por-coronavirus-en-un-dia\/"},"modified":"2021-08-24T13:55:00","modified_gmt":"2021-08-24T13:55:00","slug":"iran-registra-por-primera-vez-mas-de-700-muertes-por-coronavirus-en-un-dia","status":"publish","type":"post","link":"http:\/\/cordobadirecto.com\/index.php\/2021\/08\/24\/iran-registra-por-primera-vez-mas-de-700-muertes-por-coronavirus-en-un-dia\/","title":{"rendered":"Ir\u00e1n registra por primera vez m\u00e1s de 700 muertes por coronavirus en un d\u00eda"},"content":{"rendered":"<div class=\"image\" id=\"image\" readability=\"8\"> <img src=\"http:\/\/cordobadirecto.com\/wp-content\/uploads\/2021\/08\/iran-registra-por-primera-vez-mas-de-700-muertes-por-coronavirus-en-un-dia.jpg\" alt=\"En la \u00faltima jornada se detectaron 40.623 nuevos contagios y la cifra total lleg\u00f3 a 4.756.394 enfermos de coronavirus.\" title=\"En la \u00faltima jornada se detectaron 40.623 nuevos contagios y la cifra total lleg\u00f3 a 4.756.394 enfermos de coronavirus.\"><\/p>\n<p>En la \u00faltima jornada se detectaron 40.623 nuevos contagios y la cifra total lleg\u00f3 a 4.756.394 enfermos de coronavirus.<\/p>\n<\/div>\n<p><strong>El Ministerio de Salud de Ir\u00e1n report\u00f3 este martes 709 fallecimientos por coronavirus<\/strong>, un balance diario sin precedentes desde el inicio de la pandemia y que agrava una crisis sanitaria que <strong>suma m\u00e1s de 4,7 millones de contagiados en la Rep\u00fablica Isl\u00e1mica<\/strong>.<\/p>\n<p>Las autoridades informaron que <strong>en la \u00faltima jornada se detectaron 40.623 nuevos contagios<\/strong>, con lo que la cifra total lleg\u00f3 a 4.756.394 enfermos de coronavirus desde que se detect\u00f3 el primer caso en el pa\u00eds.<\/p>\n<div class=\"image\" id=\"image\" readability=\"9\"> <img src=\"http:\/\/cordobadirecto.com\/wp-content\/uploads\/2021\/08\/iran-registra-por-primera-vez-mas-de-700-muertes-por-coronavirus-en-un-dia-1.jpg\" alt=\"La cantidad de muertes se acerca a las 103.000, de acuerdo con las estad\u00edsticas de la Organizaci\u00f3n Mundial de la Salud.\" title=\"La cantidad de muertes se acerca a las 103.000, de acuerdo con las estad\u00edsticas de la Organizaci\u00f3n Mundial de la Salud.\"><\/p>\n<p>La cantidad de muertes se acerca a las 103.000, de acuerdo con las estad\u00edsticas de la Organizaci\u00f3n Mundial de la Salud.<\/p>\n<\/div>\n<p><strong>La cantidad de muertes se acerca a las 103.000<\/strong>, de acuerdo con las estad\u00edsticas de la Organizaci\u00f3n Mundial de la Salud (OMS).<\/p>\n<p>M\u00e1s de <strong>7.700 personas permanecen internadas en hospitales en unidades de terapia intensiva<\/strong>, seg\u00fan recogi\u00f3 la agencia de noticias DPA.<\/p>\n<p>Ante las cifras in\u00e9ditas de contagios y muertos de agosto, <strong>el recientemente asumido Gobierno endureci\u00f3 las medidas de prevenci\u00f3n, con restricciones a los viajes interprovinciales y el cierre de establecimientos no esenciales<\/strong>. <\/p>\n","protected":false},"excerpt":{"rendered":"<p>En la \u00faltima jornada se detectaron 40.623 nuevos contagios y la cifra total lleg\u00f3 a 4.756.394 enfermos de coronavirus. El Ministerio de Salud de Ir\u00e1n report\u00f3 este martes 709 fallecimientos por coronavirus, un balance diario sin precedentes desde el inicio de la pandemia y que agrava una crisis sanitaria que suma m\u00e1s de 4,7 millones [&hellip;]<\/p>\n","protected":false},"author":1,"featured_media":15301,"comment_status":"closed","ping_status":"closed","sticky":false,"template":"","format":"standard","meta":[],"categories":[24],"tags":[],"_links":{"self":[{"href":"http:\/\/cordobadirecto.com\/index.php\/wp-json\/wp\/v2\/posts\/15300"}],"collection":[{"href":"http:\/\/cordobadirecto.com\/index.php\/wp-json\/wp\/v2\/posts"}],"about":[{"href":"http:\/\/cordobadirecto.com\/index.php\/wp-json\/wp\/v2\/types\/post"}],"author":[{"embeddable":true,"href":"http:\/\/cordobadirecto.com\/index.php\/wp-json\/wp\/v2\/users\/1"}],"replies":[{"embeddable":true,"href":"http:\/\/cordobadirecto.com\/index.php\/wp-json\/wp\/v2\/comments?post=15300"}],"version-history":[{"count":0,"href":"http:\/\/cordobadirecto.com\/index.php\/wp-json\/wp\/v2\/posts\/15300\/revisions"}],"wp:featuredmedia":[{"embeddable":true,"href":"http:\/\/cordobadirecto.com\/index.php\/wp-json\/wp\/v2\/media\/15301"}],"wp:attachment":[{"href":"http:\/\/cordobadirecto.com\/index.php\/wp-json\/wp\/v2\/media?parent=15300"}],"wp:term":[{"taxonomy":"category","embeddable":true,"href":"http:\/\/cordobadirecto.com\/index.php\/wp-json\/wp\/v2\/categories?post=15300"},{"taxonomy":"post_tag","embeddable":true,"href":"http:\/\/cordobadirecto.com\/index.php\/wp-json\/wp\/v2\/tags?post=15300"}],"curies":[{"name":"wp","href":"https:\/\/api.w.org\/{rel}","templated":true}]}}