{"id":153379,"date":"2024-07-25T18:34:04","date_gmt":"2024-07-25T18:34:04","guid":{"rendered":"https:\/\/www.ole.com.ar\/autos\/automovilismo-argentino-tension-aca-vs-actc_0_kVGFixGXmY.html"},"modified":"2024-07-25T18:34:04","modified_gmt":"2024-07-25T18:34:04","slug":"tension-en-el-automovilismo-argentino-el-aca-considera-clandestina-la-actividad-de-la-actc","status":"publish","type":"post","link":"http:\/\/cordobadirecto.com\/index.php\/2024\/07\/25\/tension-en-el-automovilismo-argentino-el-aca-considera-clandestina-la-actividad-de-la-actc\/","title":{"rendered":"Tensi\u00f3n en el automovilismo argentino: el ACA considera clandestina la actividad de la ACTC"},"content":{"rendered":"<p><time class=\"createDate\" datetime=\"2024-07-25T15:34:04-03:00\">25\/07\/2024 15:34hs.<\/time><\/p>\n<div id=\"storyBody\">\n<div class=\"custom-text \" readability=\"37\">\n<p>Desde finales de 2023, el automovilismo est\u00e1 inmerso en un tenso conflicto dirigencia entre los dos entes m\u00e1s importantes, el <strong>Autom\u00f3vil Club Argentino<\/strong> (ACA) y la <strong>Asociaci\u00f3n Corredores Turismo Carretera<\/strong> (ACTC). El orden que ten\u00eda el deporte motor nacional se vio alterado por una actitud avasallante y acaparadora de unas de las instituciones.<\/p>\n<\/div>\n<div class=\"custom-text \" readability=\"40\">\n<p>La ACTC inici\u00f3 un camino de expansi\u00f3n y comenz\u00f3 a incorporar, primero, categor\u00edas que estaban bajo la \u00f3rbita del ACA y luego federaciones. En contra de lo que establece el C\u00f3digo Deportivo Internacional de la Federaci\u00f3n Internacional del Autom\u00f3vil, la casa tece\u00edsta extendi\u00f3 su mapa de fiscalizaci\u00f3n y con ello<strong>, rompi\u00f3 el acuerdo t\u00e1cito que se hab\u00eda gestado en 2001<\/strong>, cuando se produjo un encontronazo similar entre ambas entidades.<\/p>\n<\/div>\n<div class=\"custom-text \" readability=\"37\">\n<p>El 2024 se presenta como un a\u00f1o de muchos movimientos dentro del automovilismo a nivel directivo, porque al repentino crecimiento de la ACTC se le sum\u00f3 el cambio de mando en el ACA, donde el Lic. C\u00e9sar Carman (h) asumi\u00f3 como nuevo presidente de la casa madre y Eugenio Breard inici\u00f3 su camino al frente de la Comisi\u00f3n Deportiva Automovil\u00edstica (CDA).<\/p>\n<\/div>\n<div class=\"custom-text \" readability=\"38\">\n<p>A poco m\u00e1s de dos meses del comienzo de su gesti\u00f3n, la se puso en marcha en mayo, el Lic. C\u00e9sar Carm\u00e1n, charl\u00f3 en exclusiva con Carburando y sent\u00f3 su posici\u00f3n frente a la problem\u00e1tica que hoy genera una grieta dentro del automovilismo. El flamante mandatario se expres\u00f3 en torno al trabajo de la CDA y dej\u00f3 claro cu\u00e1l es la relaci\u00f3n que hoy existe con la instituci\u00f3n que encabeza Hugo Mazzacane.<\/p>\n<\/div>\n<div class=\"sc-e7b891c4-0 jPbnQF\"><img alt=\"El conflicto entre el ACA y la ACTC escala en su nivel de tensi\u00f3n\" src=\"http:\/\/cordobadirecto.com\/wp-content\/uploads\/2024\/07\/tension-en-el-automovilismo-argentino-el-aca-considera-clandestina-la-actividad-de-la-actc.jpg\" width=\"720\" height=\"100\" decoding=\"async\" data-nimg=\"future\" loading=\"lazy\"><span class=\"epigraphe\">El conflicto entre el ACA y la ACTC escala en su nivel de tensi\u00f3n<\/span><\/div>\n<div class=\"custom-text \" readability=\"38\">\n<p>\u201cNo hay ninguna enemistad desde el ACA para con la ACTC. Entendemos que lo que ellos hacen lo hacen muy bien, y han logrado hacer un gran negocio en el pa\u00eds&#8221;, afirm\u00f3 Carman, y agreg\u00f3: &#8220;Yo creo que cuando uno es juez y parte se generan problemas. Cuando el que organiza y tiene que fiscalizar hay un conflicto de intereses&#8221;.<\/p>\n<\/div>\n<div class=\"custom-text \" readability=\"43\">\n<p>En esta misma l\u00ednea, resalt\u00f3 que la actividad que desempe\u00f1a el ente del barrio de Caballito es ilegal porque no cuenta con un aval oficial. \u201cNosotros tenemos delegado el poder deportivo y fundamentalmente somos los encargados de fiscalizar, es eso, nada m\u00e1s. Entonces, si en este caso la ACTC quiere abarcar otras categor\u00edas, en nuestra opini\u00f3n, eso es incorrecto y por eso las llamamos carreras clandestinas porque no est\u00e1n fiscalizadas por el ente que lo tiene que hacer, que es la CDA\u201d, expres\u00f3.<\/p>\n<\/div>\n<div class=\"custom-text \" readability=\"41\">\n<p>Adem\u00e1s, descart\u00f3 de plano que este conflicto tenga tintes pol\u00edticos. \u201cTambi\u00e9n he escuchado algunos medios comentar que la pol\u00edtica se ha metido en este conflicto. Yo lo \u00fanico que te puedo decir es que, desde el ACA, esto no es una cuesti\u00f3n pol\u00edtica. Cumplimos 120 a\u00f1os, lo hemos hecho toda la vida, no es algo pol\u00edtico\u201d, apunt\u00f3.<\/p>\n<\/div>\n<div class=\"custom-text \" readability=\"40\">\n<p>Sin acercamiento entre las partes involucradas, la resoluci\u00f3n de la problem\u00e1tica estar\u00eda lejos de concretarse mediante el di\u00e1logo, por lo que la instancia legal aparece como la \u00fanica v\u00eda posible para darle fin a esta historia. &#8220;Lo estamos analizando. Probablemente alguna acci\u00f3n haya, tampoco podemos quedarnos con los brazos cruzados. No soy especialista en t\u00e9rminos legales, pero alguna acci\u00f3n que marque esta historia y estas cuestiones que est\u00e1n fuera de un encuadramiento que asegure a los pilotos\u201d, admiti\u00f3 Carman.<\/p>\n<\/div>\n<div class=\"sc-e7b891c4-0 jPbnQF\"><img alt=\"Hugo Mazzacane, presidente de la ACTC. (Foto: ACTC)\" src=\"http:\/\/cordobadirecto.com\/wp-content\/uploads\/2024\/07\/tension-en-el-automovilismo-argentino-el-aca-considera-clandestina-la-actividad-de-la-actc-1.jpg\" width=\"720\" height=\"100\" decoding=\"async\" data-nimg=\"future\" loading=\"lazy\"><span class=\"epigraphe\">Hugo Mazzacane, presidente de la ACTC. (Foto: ACTC)<\/span><\/div>\n<div class=\"custom-text \" readability=\"37\">\n<p>Por \u00faltimo, el presidente del ACA fue tajante al se\u00f1alar que la iniciativa para restablecer un v\u00ednculo cordial tiene que salir desde el lado de Mazzacane. \u201c<strong>No hay di\u00e1logo<\/strong>. Ma\u00f1ana me llama Hugo Mazzacane y hablo. Yo no lo voy a llamar porque no corresponde. Los que rompieron el equilibrio fueron ellos\u201d, sentenci\u00f3 para culminar.<\/p>\n<\/div>\n<div class=\"sc-a7166897-0 exHLBh\" readability=\"6\">\n<section readability=\"2\"><picture><img alt=\"TC en El Villicum: hora y d\u00f3nde ver por TV la carrera del Turismo Carretera\" src=\"http:\/\/cordobadirecto.com\/wp-content\/uploads\/2024\/07\/tension-en-el-automovilismo-argentino-el-aca-considera-clandestina-la-actividad-de-la-actc-2.jpg\" width=\"290\" height=\"290\" decoding=\"async\" data-nimg=\"future\" loading=\"lazy\"><\/picture>\n<p><span>Mir\u00e1 tambi\u00e9n<\/span><\/p>\n<hr>\n<h3>TC en El Villicum: hora y d\u00f3nde ver por TV la carrera del Turismo Carretera<\/h3>\n<\/p>\n<\/section>\n<\/div>\n<div class=\"sc-a7166897-0 exHLBh\" readability=\"7\">\n<section readability=\"4\"><picture><img alt=\"Con un nuevo confirmado, \u00bfc\u00f3mo qued\u00f3 la parrilla de la F1 y qu\u00e9 asientos hay libres?\" src=\"http:\/\/cordobadirecto.com\/wp-content\/uploads\/2024\/07\/tension-en-el-automovilismo-argentino-el-aca-considera-clandestina-la-actividad-de-la-actc-3.jpg\" width=\"290\" height=\"290\" decoding=\"async\" data-nimg=\"future\" loading=\"lazy\"><\/picture>\n<p><span>Mir\u00e1 tambi\u00e9n<\/span><\/p>\n<hr>\n<h3>Con un nuevo confirmado, \u00bfc\u00f3mo qued\u00f3 la parrilla de la F1 y qu\u00e9 asientos hay libres?<\/h3>\n<\/p>\n<\/section>\n<\/div>\n<\/div>\n","protected":false},"excerpt":{"rendered":"<p>25\/07\/2024 15:34hs. Desde finales de 2023, el automovilismo est\u00e1 inmerso en un tenso conflicto dirigencia entre los dos entes m\u00e1s importantes, el Autom\u00f3vil Club Argentino (ACA) y la Asociaci\u00f3n Corredores Turismo Carretera (ACTC). El orden que ten\u00eda el deporte motor nacional se vio alterado por una actitud avasallante y acaparadora de unas de las instituciones. [&hellip;]<\/p>\n","protected":false},"author":1,"featured_media":153380,"comment_status":"closed","ping_status":"closed","sticky":false,"template":"","format":"standard","meta":[],"categories":[21],"tags":[],"_links":{"self":[{"href":"http:\/\/cordobadirecto.com\/index.php\/wp-json\/wp\/v2\/posts\/153379"}],"collection":[{"href":"http:\/\/cordobadirecto.com\/index.php\/wp-json\/wp\/v2\/posts"}],"about":[{"href":"http:\/\/cordobadirecto.com\/index.php\/wp-json\/wp\/v2\/types\/post"}],"author":[{"embeddable":true,"href":"http:\/\/cordobadirecto.com\/index.php\/wp-json\/wp\/v2\/users\/1"}],"replies":[{"embeddable":true,"href":"http:\/\/cordobadirecto.com\/index.php\/wp-json\/wp\/v2\/comments?post=153379"}],"version-history":[{"count":0,"href":"http:\/\/cordobadirecto.com\/index.php\/wp-json\/wp\/v2\/posts\/153379\/revisions"}],"wp:featuredmedia":[{"embeddable":true,"href":"http:\/\/cordobadirecto.com\/index.php\/wp-json\/wp\/v2\/media\/153380"}],"wp:attachment":[{"href":"http:\/\/cordobadirecto.com\/index.php\/wp-json\/wp\/v2\/media?parent=153379"}],"wp:term":[{"taxonomy":"category","embeddable":true,"href":"http:\/\/cordobadirecto.com\/index.php\/wp-json\/wp\/v2\/categories?post=153379"},{"taxonomy":"post_tag","embeddable":true,"href":"http:\/\/cordobadirecto.com\/index.php\/wp-json\/wp\/v2\/tags?post=153379"}],"curies":[{"name":"wp","href":"https:\/\/api.w.org\/{rel}","templated":true}]}}