{"id":153515,"date":"2024-07-29T10:30:47","date_gmt":"2024-07-29T10:30:47","guid":{"rendered":"https:\/\/www.ole.com.ar\/futbol-ascenso\/ascenso_0_wngGDyEHV7.html"},"modified":"2024-07-29T10:30:47","modified_gmt":"2024-07-29T10:30:47","slug":"lo-busca-san-lorenzo-y-le-dio-la-punta-a-san-martin-de-tucuman","status":"publish","type":"post","link":"http:\/\/cordobadirecto.com\/index.php\/2024\/07\/29\/lo-busca-san-lorenzo-y-le-dio-la-punta-a-san-martin-de-tucuman\/","title":{"rendered":"Lo busca San Lorenzo y le dio la punta a San Mart\u00edn de Tucum\u00e1n"},"content":{"rendered":"<p><time class=\"createDate\" datetime=\"2024-07-28T21:20:45-03:00\">28\/07\/2024 21:20hs.<\/time><\/p>\n<div id=\"storyBody\">\n<div class=\"custom-text \" readability=\"34.554666666667\">\n<p>Los rumores hicieron que su nombre est\u00e9 en boca de todos. Las versiones sobre una posible salida a <a href=\"https:\/\/www.ole.com.ar\/tema\/san-lorenzo.html\" title=\"San Lorenzo\" alt=\"San Lorenzo\" class=\"slug\">San Lorenzo<\/a> llev\u00f3 preocupaci\u00f3n a los hinchas. Sin embargo, <strong>Gustavo Abreg\u00fa<\/strong>, lejos de mostrarse desenfocado, <strong>fue el hombre que le dio el triunfo a <a href=\"https:\/\/www.ole.com.ar\/tema\/san-martin-tucuman.html\" title=\"San Mart\u00edn Tucum\u00e1n\" alt=\"San Mart\u00edn Tucum\u00e1n\" class=\"slug\">San Mart\u00edn de Tucum\u00e1n<\/a><\/strong> ante Talleres de Remedios de Escalada <strong>para alcanzar a su hom\u00f3nimo de San Juan en la cima de la Zona A.<\/strong><\/p>\n<\/div>\n<p><h2>El gol del partido<\/h2>\n<\/p>\n<div class=\"custom-text \" readability=\"36.15925058548\">\n<p>Las salidas de Francisco Perruzzi e Iv\u00e1n Tapia del Cicl\u00f3n dejar\u00e1n un hueco en el plantel de <a href=\"https:\/\/www.ole.com.ar\/tema\/leandro-romagnoli.html\" title=\"Leandro Romagnoli\" alt=\"Leandro Romagnoli\" class=\"slug\">Romagnoli<\/a>, por lo que <strong>desde Boedo levantaron el tel\u00e9fono para consultar por Abreg\u00fa,<\/strong> uno de los mejores volantes centrales de la <a href=\"https:\/\/www.ole.com.ar\/tema\/primera-nacional.html\" title=\"Primera Nacional\" alt=\"Primera Nacional\" class=\"slug\">Primera Nacional<\/a>. Y para confirmar esa condici\u00f3n, <strong>\u00e9l volvi\u00f3 a reflejarlo y, como si fuera poco, convirti\u00f3 el 1-0 para desatar la locura en La Ciudadela y so\u00f1ar con el ascenso a la <a href=\"https:\/\/www.ole.com.ar\/tema\/liga-profesional.html\" title=\"Liga Profesional\" alt=\"Liga Profesional\" class=\"slug\">Liga Profesional<\/a>.<\/strong><\/p>\n<\/div>\n<div class=\"custom-text \" readability=\"39\">\n<p>Ante el Rojo, equipo que lucha por lograr la permanencia en la categor\u00eda, el Ciruja acept\u00f3 su mote de candidato, se hizo protagonista del juego y domin\u00f3 con la presencia de un mediocampo con mucha din\u00e1mica. Y para llevar tranquilidad, <strong>el 5 se puso el traje de goleador: captur\u00f3 el rebote de una pelota parada y defini\u00f3 con mucha calidad para abrir el marcador.<\/strong><\/p>\n<\/div>\n<div class=\"custom-text \" readability=\"35.740425531915\">\n<p>En el complemento, <strong>el Santo le cedi\u00f3 terreno a su rival y <a href=\"https:\/\/www.ole.com.ar\/tema\/talleres-re.html\" title=\"Talleres (RE)\" alt=\"Talleres (RE)\" class=\"slug\">Talleres<\/a> se adelant\u00f3 unos metros en la cancha, aunque careci\u00f3 de claridad para llegar con peligro y poner en aprietos al local.<\/strong> As\u00ed, San Mart\u00edn compartir la punta con SMSJ.<\/p>\n<\/div>\n<div class=\"sc-a7166897-0 exHLBh\" readability=\"6\">\n<section readability=\"2\"><picture><img alt=\"\u00a1Boca confirm\u00f3 a su quinto refuerzo!\" src=\"http:\/\/cordobadirecto.com\/wp-content\/uploads\/2024\/07\/lo-busca-san-lorenzo-y-le-dio-la-punta-a-san-martin-de-tucuman.jpg\" width=\"290\" height=\"290\" decoding=\"async\" data-nimg=\"future\" loading=\"lazy\"><\/picture>\n<p><span>Mir\u00e1 tambi\u00e9n<\/span><\/p>\n<hr>\n<h3>\u00a1Boca confirm\u00f3 a su quinto refuerzo!<\/h3>\n<\/p>\n<\/section>\n<\/div>\n<div class=\"sc-a7166897-0 exHLBh\" readability=\"6.5\">\n<section readability=\"3\"><picture><img alt=\"La pelea por evitar los descensos: as\u00ed est\u00e1n la tabla anual y los promedios en la fecha 8\" src=\"http:\/\/cordobadirecto.com\/wp-content\/uploads\/2024\/07\/lo-busca-san-lorenzo-y-le-dio-la-punta-a-san-martin-de-tucuman-1.jpg\" width=\"290\" height=\"290\" decoding=\"async\" data-nimg=\"future\" loading=\"lazy\"><\/picture>\n<p><span>Mir\u00e1 tambi\u00e9n<\/span><\/p>\n<hr>\n<h3>La pelea por evitar los descensos: as\u00ed est\u00e1n la tabla anual y los promedios en la fecha 8<\/h3>\n<\/p>\n<\/section>\n<\/div>\n<div class=\"sc-a7166897-0 exHLBh\" readability=\"6\">\n<section readability=\"2\"><picture><img alt=\"Las posiciones de la Liga Profesional: Boca empat\u00f3 con Instituto y qued\u00f3 lejos\" src=\"http:\/\/cordobadirecto.com\/wp-content\/uploads\/2024\/07\/lo-busca-san-lorenzo-y-le-dio-la-punta-a-san-martin-de-tucuman-2.jpg\" width=\"290\" height=\"290\" decoding=\"async\" data-nimg=\"future\" loading=\"lazy\"><\/picture>\n<p><span>Mir\u00e1 tambi\u00e9n<\/span><\/p>\n<hr>\n<h3>Las posiciones de la Liga Profesional: Boca empat\u00f3 con Instituto y qued\u00f3 lejos<\/h3>\n<\/p>\n<\/section>\n<\/div>\n<div class=\"sc-a7166897-0 exHLBh\" readability=\"6\">\n<section readability=\"2\"><picture><img alt=\"La guerra de cantitos con el grito final por el Mu\u00f1eco en el Monumental\" src=\"http:\/\/cordobadirecto.com\/wp-content\/uploads\/2024\/07\/lo-busca-san-lorenzo-y-le-dio-la-punta-a-san-martin-de-tucuman-3.jpg\" width=\"290\" height=\"290\" decoding=\"async\" data-nimg=\"future\" loading=\"lazy\"><\/picture>\n<p><span>Mir\u00e1 tambi\u00e9n<\/span><\/p>\n<hr>\n<h3>La guerra de cantitos con el grito final por el Mu\u00f1eco en el Monumental<\/h3>\n<\/p>\n<\/section>\n<\/div>\n<div class=\"sc-a7166897-0 exHLBh\" readability=\"6.5\">\n<section readability=\"3\"><picture><img alt=\"Video: los dirigentes, hist\u00f3ricos y jugadores que despidieron a Demichelis\" src=\"http:\/\/cordobadirecto.com\/wp-content\/uploads\/2024\/07\/lo-busca-san-lorenzo-y-le-dio-la-punta-a-san-martin-de-tucuman-4.jpg\" width=\"290\" height=\"290\" decoding=\"async\" data-nimg=\"future\" loading=\"lazy\"><\/picture>\n<p><span>Mir\u00e1 tambi\u00e9n<\/span><\/p>\n<hr>\n<h3>Video: los dirigentes, hist\u00f3ricos y jugadores que despidieron a Demichelis<\/h3>\n<\/p>\n<\/section>\n<\/div>\n<\/div>\n","protected":false},"excerpt":{"rendered":"<p>28\/07\/2024 21:20hs. Los rumores hicieron que su nombre est\u00e9 en boca de todos. Las versiones sobre una posible salida a San Lorenzo llev\u00f3 preocupaci\u00f3n a los hinchas. Sin embargo, Gustavo Abreg\u00fa, lejos de mostrarse desenfocado, fue el hombre que le dio el triunfo a San Mart\u00edn de Tucum\u00e1n ante Talleres de Remedios de Escalada para [&hellip;]<\/p>\n","protected":false},"author":1,"featured_media":153516,"comment_status":"closed","ping_status":"closed","sticky":false,"template":"","format":"standard","meta":[],"categories":[21],"tags":[],"_links":{"self":[{"href":"http:\/\/cordobadirecto.com\/index.php\/wp-json\/wp\/v2\/posts\/153515"}],"collection":[{"href":"http:\/\/cordobadirecto.com\/index.php\/wp-json\/wp\/v2\/posts"}],"about":[{"href":"http:\/\/cordobadirecto.com\/index.php\/wp-json\/wp\/v2\/types\/post"}],"author":[{"embeddable":true,"href":"http:\/\/cordobadirecto.com\/index.php\/wp-json\/wp\/v2\/users\/1"}],"replies":[{"embeddable":true,"href":"http:\/\/cordobadirecto.com\/index.php\/wp-json\/wp\/v2\/comments?post=153515"}],"version-history":[{"count":0,"href":"http:\/\/cordobadirecto.com\/index.php\/wp-json\/wp\/v2\/posts\/153515\/revisions"}],"wp:featuredmedia":[{"embeddable":true,"href":"http:\/\/cordobadirecto.com\/index.php\/wp-json\/wp\/v2\/media\/153516"}],"wp:attachment":[{"href":"http:\/\/cordobadirecto.com\/index.php\/wp-json\/wp\/v2\/media?parent=153515"}],"wp:term":[{"taxonomy":"category","embeddable":true,"href":"http:\/\/cordobadirecto.com\/index.php\/wp-json\/wp\/v2\/categories?post=153515"},{"taxonomy":"post_tag","embeddable":true,"href":"http:\/\/cordobadirecto.com\/index.php\/wp-json\/wp\/v2\/tags?post=153515"}],"curies":[{"name":"wp","href":"https:\/\/api.w.org\/{rel}","templated":true}]}}