{"id":153539,"date":"2024-07-29T21:40:19","date_gmt":"2024-07-29T21:40:19","guid":{"rendered":"https:\/\/cordoba.gob.ar\/?p=59920"},"modified":"2024-07-29T21:40:19","modified_gmt":"2024-07-29T21:40:19","slug":"los-servicios-municipales-mas-cerca-operativo-dni-llega-a-los-barrios-ipv-arguello-villa-boedo-y-nueva-cordoba","status":"publish","type":"post","link":"http:\/\/cordobadirecto.com\/index.php\/2024\/07\/29\/los-servicios-municipales-mas-cerca-operativo-dni-llega-a-los-barrios-ipv-arguello-villa-boedo-y-nueva-cordoba\/","title":{"rendered":"Los servicios municipales, m\u00e1s cerca: Operativo DNI llega a los barrios IPV Arg\u00fcello, Villa Boedo y Nueva C\u00f3rdoba"},"content":{"rendered":"<div><img src=\"http:\/\/cordobadirecto.com\/wp-content\/uploads\/2024\/07\/los-servicios-municipales-mas-cerca-operativo-dni-llega-a-los-barrios-ipv-arguello-villa-boedo-y-nueva-cordoba.jpg\" class=\"ff-og-image-inserted\"><\/div>\n<p data-pm-slice=\"1 1 []\">En busca de brindar soluciones de manera m\u00e1s \u00e1gil y de acercar los servicios a los vecinos y vecinas de la ciudad, la Municipalidad de C\u00f3rdoba contin\u00faa con el \u201cOperativo DNI\u201d del Registro Civil.<\/p>\n<p>Este martes 30 el operativo se realizar\u00e1 en el IPEM 18 Dr. Federico An\u00edbal Cumar, ubicado en calle p\u00fablica de barrio Granja de F\u00fanes II (IPV Arg\u00fcello).<\/p>\n<p>Mientras que el jueves 01 de agosto, la actividad se realizar\u00e1 en simult\u00e1neo en dos barriadas: en el Polideportivo Villa Boedo, ubicado entre las manzanas 8 y 34, y en el Centro Cultural C\u00f3rdoba, que se encuentra sobre Avenida Poeta Lugones 401.<\/p>\n<p>En los tres lugares el horario de atenci\u00f3n ser\u00e1 de 09.00 a 14.00 horas.<\/p>\n<p>Adem\u00e1s, habr\u00e1 disponible un Punto Vecinon, en donde se brindar\u00e1n servicios digitales a trav\u00e9s de Cidi y Vedi.<\/p>\n<p>A lo largo de las jornadas de documentaci\u00f3n los vecinos pueden acercarse a realizar tr\u00e1mites esenciales que incluyen la actualizaci\u00f3n del DNI, solicitar un nuevo ejemplar, cambio de domicilio, como as\u00ed tambi\u00e9n la tramitaci\u00f3n de actas de nacimiento, matrimonio o defunci\u00f3n.<\/p>\n<p>Tambi\u00e9n podr\u00e1n iniciar tr\u00e1mites como cambio de g\u00e9nero, rectificaciones, inscripci\u00f3n fuera de t\u00e9rmino y realizar consultas.<\/p>\n","protected":false},"excerpt":{"rendered":"<p>En busca de brindar soluciones de manera m\u00e1s \u00e1gil y de acercar los servicios a los vecinos y vecinas de la ciudad, la Municipalidad de C\u00f3rdoba contin\u00faa con el \u201cOperativo DNI\u201d del Registro Civil. Este martes 30 el operativo se realizar\u00e1 en el IPEM 18 Dr. Federico An\u00edbal Cumar, ubicado en calle p\u00fablica de barrio [&hellip;]<\/p>\n","protected":false},"author":1,"featured_media":153540,"comment_status":"closed","ping_status":"closed","sticky":false,"template":"","format":"standard","meta":[],"categories":[44],"tags":[],"_links":{"self":[{"href":"http:\/\/cordobadirecto.com\/index.php\/wp-json\/wp\/v2\/posts\/153539"}],"collection":[{"href":"http:\/\/cordobadirecto.com\/index.php\/wp-json\/wp\/v2\/posts"}],"about":[{"href":"http:\/\/cordobadirecto.com\/index.php\/wp-json\/wp\/v2\/types\/post"}],"author":[{"embeddable":true,"href":"http:\/\/cordobadirecto.com\/index.php\/wp-json\/wp\/v2\/users\/1"}],"replies":[{"embeddable":true,"href":"http:\/\/cordobadirecto.com\/index.php\/wp-json\/wp\/v2\/comments?post=153539"}],"version-history":[{"count":0,"href":"http:\/\/cordobadirecto.com\/index.php\/wp-json\/wp\/v2\/posts\/153539\/revisions"}],"wp:featuredmedia":[{"embeddable":true,"href":"http:\/\/cordobadirecto.com\/index.php\/wp-json\/wp\/v2\/media\/153540"}],"wp:attachment":[{"href":"http:\/\/cordobadirecto.com\/index.php\/wp-json\/wp\/v2\/media?parent=153539"}],"wp:term":[{"taxonomy":"category","embeddable":true,"href":"http:\/\/cordobadirecto.com\/index.php\/wp-json\/wp\/v2\/categories?post=153539"},{"taxonomy":"post_tag","embeddable":true,"href":"http:\/\/cordobadirecto.com\/index.php\/wp-json\/wp\/v2\/tags?post=153539"}],"curies":[{"name":"wp","href":"https:\/\/api.w.org\/{rel}","templated":true}]}}