{"id":153541,"date":"2024-07-29T20:50:06","date_gmt":"2024-07-29T20:50:06","guid":{"rendered":"https:\/\/cordoba.gob.ar\/?p=59914"},"modified":"2024-07-29T20:50:06","modified_gmt":"2024-07-29T20:50:06","slug":"la-boca-y-san-vicente-republicas-hermanas-deslumbran-en-el-museo-genaro-perez","status":"publish","type":"post","link":"http:\/\/cordobadirecto.com\/index.php\/2024\/07\/29\/la-boca-y-san-vicente-republicas-hermanas-deslumbran-en-el-museo-genaro-perez\/","title":{"rendered":"La Boca y San Vicente, Rep\u00fablicas hermanas, deslumbran en el Museo Genaro P\u00e9rez"},"content":{"rendered":"<div><img src=\"http:\/\/cordobadirecto.com\/wp-content\/uploads\/2024\/07\/la-boca-y-san-vicente-republicas-hermanas-deslumbran-en-el-museo-genaro-perez.jpg\" class=\"ff-og-image-inserted\"><\/div>\n<ul>\n<li><strong>Sergio Blatto, de C\u00f3rdoba, y Ricardo Mitolo, de Buenos Aires, reflotaron un antiguo hermanamiento entre ambos barrios.<\/strong><\/li>\n<\/ul>\n<ul class=\"ak-ul\">\n<li><strong>Durante la pandemia intercambiaron correos electr\u00f3nicos y obras relacionadas con sus barrios y hoy esa relaci\u00f3n se volvi\u00f3 una exposici\u00f3n art\u00edstica.<\/strong><\/li>\n<\/ul>\n<hr>\n<p>Hasta el primero de septiembre, en el Museo Genaro P\u00e9rez se desarrolla la exposici\u00f3n \u201c71 Ca\u00f1onazos dese a todos los vientos de mar y tierra\u2026\u201d<strong>,<\/strong> de los artistas Sergio Blatto y Ricardo Mitolo, curada por Sara Picconi, con entrada libre y gratuita.<\/p>\n<p>Blatto tiene su taller en barrio San Vicente de C\u00f3rdoba, y Mitolo en barrio La Boca de Buenos Aires. Hace cuatro a\u00f1os mantuvieron una extensa correspondencia donde aprovechaban para compartir c\u00f3mo eran sus barrios, con una visi\u00f3n pl\u00e1stica y po\u00e9tica que adquiri\u00f3 una interacci\u00f3n que deriv\u00f3 en la muestra que se est\u00e1 exhibiendo.<\/p>\n<p>La instalaci\u00f3n, conformada por las obras que intercambiaron en aquel momento, est\u00e1 acompa\u00f1ada por la carta hist\u00f3rica de Hermanamiento del a\u00f1o 1964 de las Rep\u00fablicas de San Vicente y de La Boca, una idea surgida debido a que ambos barrios son reconocidas como \u201cLa Rep\u00fablica\u201d en sus ciudades.<\/p>\n<p>El homenaje a esta hermandad es el eje de la exposici\u00f3n y se ampl\u00eda el reconocimiento a los artistas que durante los diferentes tiempos vivieron en estos barrios y realizaron esta producci\u00f3n art\u00edstica.<\/p>\n<p>Por eso, la propuesta se completa con obras de las colecciones del Museo Emilio Caraffa, el Archivo Hist\u00f3rico de la Escuela Superior de Bellas Artes Doctor Jos\u00e9 Figueroa Alcorta (FAD, UPC), de la colecci\u00f3n de la familia Malanca y de la Colecci\u00f3n Permanente del Museo Genaro P\u00e9rez.<\/p>\n<p><strong>Lo que provoc\u00f3 la reuni\u00f3n de los artistas<\/strong><\/p>\n<p>En un encuentro que mantuvo con estudiantes de arte, Blatto explic\u00f3 las cosas que m\u00e1s lo emocionaron de su actividad epistolar con su colega de La Boca.<\/p>\n<p>Entre ellas, destac\u00f3 el origen rebelde y obrero de ambas barriadas. La ligaz\u00f3n con las festividades populares (San Vicente es la sede eterna del Carnaval cordob\u00e9s) y el apego de \u00e9l y Mitolo por la \u201ccuesti\u00f3n Malvinas\u201d.<\/p>\n<p>\u201cDe todas las cartas que me escribi\u00f3, la de Malvinas fue una de la que m\u00e1s me moviliz\u00f3. En esa me cost\u00f3 acompa\u00f1arlo. A pesar de ser de la generaci\u00f3n de Malvinas yo no fui a las islas. Por cuestiones del destino no hice el servicio militar obligatorio, me toco n\u00famero bajo. En 1982 fue mi primer a\u00f1o en la escuela de arte\u201d, dijo.<\/p>\n<p>Para indagar c\u00f3mo se conform\u00f3 este v\u00ednculo entre los dos artistas, lo que deriv\u00f3 en una exhibici\u00f3n en C\u00f3rdoba Capital y puede tener en breve su correlato en Buenos Aires, y para saber c\u00f3mo es que San Vicente y La Boca son dos \u201cRep\u00fablicas\u201d hermanadas, hay que ir al Genaro P\u00e9rez y realizar un recorrido simb\u00f3lico por las dos barriadas.<\/p>\n","protected":false},"excerpt":{"rendered":"<p>Sergio Blatto, de C\u00f3rdoba, y Ricardo Mitolo, de Buenos Aires, reflotaron un antiguo hermanamiento entre ambos barrios. Durante la pandemia intercambiaron correos electr\u00f3nicos y obras relacionadas con sus barrios y hoy esa relaci\u00f3n se volvi\u00f3 una exposici\u00f3n art\u00edstica. Hasta el primero de septiembre, en el Museo Genaro P\u00e9rez se desarrolla la exposici\u00f3n \u201c71 Ca\u00f1onazos dese [&hellip;]<\/p>\n","protected":false},"author":1,"featured_media":153542,"comment_status":"closed","ping_status":"closed","sticky":false,"template":"","format":"standard","meta":[],"categories":[44],"tags":[],"_links":{"self":[{"href":"http:\/\/cordobadirecto.com\/index.php\/wp-json\/wp\/v2\/posts\/153541"}],"collection":[{"href":"http:\/\/cordobadirecto.com\/index.php\/wp-json\/wp\/v2\/posts"}],"about":[{"href":"http:\/\/cordobadirecto.com\/index.php\/wp-json\/wp\/v2\/types\/post"}],"author":[{"embeddable":true,"href":"http:\/\/cordobadirecto.com\/index.php\/wp-json\/wp\/v2\/users\/1"}],"replies":[{"embeddable":true,"href":"http:\/\/cordobadirecto.com\/index.php\/wp-json\/wp\/v2\/comments?post=153541"}],"version-history":[{"count":0,"href":"http:\/\/cordobadirecto.com\/index.php\/wp-json\/wp\/v2\/posts\/153541\/revisions"}],"wp:featuredmedia":[{"embeddable":true,"href":"http:\/\/cordobadirecto.com\/index.php\/wp-json\/wp\/v2\/media\/153542"}],"wp:attachment":[{"href":"http:\/\/cordobadirecto.com\/index.php\/wp-json\/wp\/v2\/media?parent=153541"}],"wp:term":[{"taxonomy":"category","embeddable":true,"href":"http:\/\/cordobadirecto.com\/index.php\/wp-json\/wp\/v2\/categories?post=153541"},{"taxonomy":"post_tag","embeddable":true,"href":"http:\/\/cordobadirecto.com\/index.php\/wp-json\/wp\/v2\/tags?post=153541"}],"curies":[{"name":"wp","href":"https:\/\/api.w.org\/{rel}","templated":true}]}}