{"id":153668,"date":"2024-07-31T14:25:56","date_gmt":"2024-07-31T14:25:56","guid":{"rendered":"https:\/\/www.ole.com.ar\/autos\/confirmado-motogp-regresara-argentina-termas-rio-hondo_0_rfE2QJ9pzF.html"},"modified":"2024-07-31T14:25:56","modified_gmt":"2024-07-31T14:25:56","slug":"el-motogp-regresara-a-argentina-en-2025","status":"publish","type":"post","link":"http:\/\/cordobadirecto.com\/index.php\/2024\/07\/31\/el-motogp-regresara-a-argentina-en-2025\/","title":{"rendered":"El MotoGP regresar\u00e1 a Argentina en 2025"},"content":{"rendered":"<p><time class=\"createDate\" datetime=\"2024-07-31T11:25:56-03:00\">31\/07\/2024 11:25hs.<\/time><\/p>\n<div id=\"storyBody\">\n<div class=\"custom-text \" readability=\"31.921568627451\">\n<p>Tras la <strong><a href=\"https:\/\/www.ole.com.ar\/tema\/NfbbPSTwKb.html\" title=\"cancelaci\u00f3n de la edici\u00f3n de este a\u00f1o\" alt=\"cancelaci\u00f3n de la edici\u00f3n de este a\u00f1o\">cancelaci\u00f3n para la edici\u00f3n de este a\u00f1o<\/a><\/strong>, el sol volvi\u00f3 a salir para los fan\u00e1ticos argentinos del <strong>MotoGP<\/strong>, ya que se confirm\u00f3 la noticia que todos estaban esperando: se realizar\u00e1 el <strong>Gran Premio de Argentina en 2025<\/strong> y el mismo tendr\u00e1 lugar en el <strong>Circuito Internacional de<\/strong> <strong>Termas de R\u00edo Hondo<\/strong>.<\/p>\n<\/div>\n<div class=\"custom-text \" readability=\"38\">\n<p>As\u00ed lo anunci\u00f3 la cuenta argentina de la categor\u00eda en sus redes sociales. La competici\u00f3n se llevar\u00e1 a cabo en el emblem\u00e1tico trazado ubicado en Santiago del Estero, que era una fija desde su inauguraci\u00f3n en 2014 (solo estuvo ausente en pandemia y en 2024 por cuestiones econ\u00f3micas). Desde el arribo del certamen, se vivieron grandes momentos con pilotos legendarios como Valentino Rossi, Marc M\u00e1rquez o Jorge Lorenzo.<\/p>\n<\/div>\n<div class=\"custom-text \" readability=\"40\">\n<p>Tambi\u00e9n se revel\u00f3 oficialmente que se est\u00e1 trabajando para definir la fecha de regreso en el calendario 2025. Se estima que, como es habitual, el evento <strong>podr\u00eda realizarse entre finales de marzo y principios de abril<\/strong>. Si bien la informaci\u00f3n no es mucha, se ampliar\u00e1 pr\u00f3ximamente con respecto a los detalles sobre c\u00f3mo se logr\u00f3 el acuerdo con Liberty Media, la propietaria de la F\u00f3rmula 1, que ahora tambi\u00e9n controla Dorna Sports y el MotoGP.<\/p>\n<\/div>\n<div class=\"sc-e7b891c4-0 jPbnQF\"><img alt=\"El MotoGP regresa a Argentina tras su cancelaci\u00f3n en 2024.\" src=\"http:\/\/cordobadirecto.com\/wp-content\/uploads\/2024\/08\/el-motogp-regresara-a-argentina-en-2025.jpg\" width=\"720\" height=\"100\" decoding=\"async\" data-nimg=\"future\" loading=\"lazy\"><span class=\"epigraphe\">El MotoGP regresa a Argentina tras su cancelaci\u00f3n en 2024.<\/span><\/div>\n<p><h2><strong>As\u00ed fue el \u00faltimo Gran Premio del MotoGP en Argentina<\/strong><\/h2>\n<\/p>\n<div class=\"custom-text \" readability=\"38\">\n<p>La edici\u00f3n de 2023 fue la segunda prueba del campeonato aquella temporada y se celebr\u00f3 del 31 de marzo al 2 de abril en Termas. La carrera sprint fue ganada por Brad Binder, y en la principal, el italiano Marco Bezzecchi se llev\u00f3 la victoria, con Johann Zarco en segundo lugar y \u00c1lex M\u00e1rquez en tercero.<\/p>\n<\/div>\n<div class=\"sc-e7b891c4-0 jPbnQF\"><img alt=\"El italiano Marco Bezzecchi gan\u00f3 el GP de Argentina en 2023 y celebr\u00f3 con la camiseta de la selecci\u00f3n de f\u00fatbol. \" src=\"http:\/\/cordobadirecto.com\/wp-content\/uploads\/2024\/08\/el-motogp-regresara-a-argentina-en-2025-1.jpg\" width=\"720\" height=\"100\" decoding=\"async\" data-nimg=\"future\" loading=\"lazy\"><span class=\"epigraphe\">El italiano Marco Bezzecchi gan\u00f3 el GP de Argentina en 2023 y celebr\u00f3 con la camiseta de la selecci\u00f3n de f\u00fatbol. <\/span><\/div>\n<div class=\"sc-a7166897-0 exHLBh\" readability=\"6\">\n<section readability=\"2\"><picture><img alt=\"El piloto argentino que sue\u00f1a con sumarse a la IndyCar\" src=\"http:\/\/cordobadirecto.com\/wp-content\/uploads\/2024\/08\/el-motogp-regresara-a-argentina-en-2025-2.jpg\" width=\"290\" height=\"290\" decoding=\"async\" data-nimg=\"future\" loading=\"lazy\"><\/picture>\n<p><span>Mir\u00e1 tambi\u00e9n<\/span><\/p>\n<hr>\n<h3>El piloto argentino que sue\u00f1a con sumarse a la IndyCar<\/h3>\n<\/p>\n<\/section>\n<\/div>\n<div class=\"sc-a7166897-0 exHLBh\" readability=\"7\">\n<section readability=\"4\"><picture><img alt=\"Con un nuevo confirmado, \u00bfc\u00f3mo qued\u00f3 la parrilla de la F1 y qu\u00e9 asientos hay libres?\" src=\"http:\/\/cordobadirecto.com\/wp-content\/uploads\/2024\/08\/el-motogp-regresara-a-argentina-en-2025-3.jpg\" width=\"290\" height=\"290\" decoding=\"async\" data-nimg=\"future\" loading=\"lazy\"><\/picture>\n<p><span>Mir\u00e1 tambi\u00e9n<\/span><\/p>\n<hr>\n<h3>Con un nuevo confirmado, \u00bfc\u00f3mo qued\u00f3 la parrilla de la F1 y qu\u00e9 asientos hay libres?<\/h3>\n<\/p>\n<\/section>\n<\/div>\n<div class=\"sc-a7166897-0 exHLBh\" readability=\"6\">\n<section readability=\"2\"><picture><img alt=\"F1: Carlos Sainz fich\u00f3 con Williams\" src=\"http:\/\/cordobadirecto.com\/wp-content\/uploads\/2024\/08\/el-motogp-regresara-a-argentina-en-2025-4.jpg\" width=\"290\" height=\"290\" decoding=\"async\" data-nimg=\"future\" loading=\"lazy\"><\/picture>\n<p><span>Mir\u00e1 tambi\u00e9n<\/span><\/p>\n<hr>\n<h3>F1: Carlos Sainz fich\u00f3 con Williams<\/h3>\n<\/p>\n<\/section>\n<\/div>\n<div class=\"sc-a7166897-0 exHLBh\" readability=\"6\">\n<section readability=\"2\"><picture><img alt=\"El tierno gesto de Franco Colapinto con un peque\u00f1o fan\u00e1tico\" src=\"http:\/\/cordobadirecto.com\/wp-content\/uploads\/2024\/08\/el-motogp-regresara-a-argentina-en-2025-5.jpg\" width=\"290\" height=\"290\" decoding=\"async\" data-nimg=\"future\" loading=\"lazy\"><\/picture>\n<p><span>Mir\u00e1 tambi\u00e9n<\/span><\/p>\n<hr>\n<h3>El tierno gesto de Franco Colapinto con un peque\u00f1o fan\u00e1tico<\/h3>\n<\/p>\n<\/section>\n<\/div>\n<\/div>\n","protected":false},"excerpt":{"rendered":"<p>31\/07\/2024 11:25hs. Tras la cancelaci\u00f3n para la edici\u00f3n de este a\u00f1o, el sol volvi\u00f3 a salir para los fan\u00e1ticos argentinos del MotoGP, ya que se confirm\u00f3 la noticia que todos estaban esperando: se realizar\u00e1 el Gran Premio de Argentina en 2025 y el mismo tendr\u00e1 lugar en el Circuito Internacional de Termas de R\u00edo Hondo. [&hellip;]<\/p>\n","protected":false},"author":1,"featured_media":153669,"comment_status":"closed","ping_status":"closed","sticky":false,"template":"","format":"standard","meta":[],"categories":[21],"tags":[],"_links":{"self":[{"href":"http:\/\/cordobadirecto.com\/index.php\/wp-json\/wp\/v2\/posts\/153668"}],"collection":[{"href":"http:\/\/cordobadirecto.com\/index.php\/wp-json\/wp\/v2\/posts"}],"about":[{"href":"http:\/\/cordobadirecto.com\/index.php\/wp-json\/wp\/v2\/types\/post"}],"author":[{"embeddable":true,"href":"http:\/\/cordobadirecto.com\/index.php\/wp-json\/wp\/v2\/users\/1"}],"replies":[{"embeddable":true,"href":"http:\/\/cordobadirecto.com\/index.php\/wp-json\/wp\/v2\/comments?post=153668"}],"version-history":[{"count":0,"href":"http:\/\/cordobadirecto.com\/index.php\/wp-json\/wp\/v2\/posts\/153668\/revisions"}],"wp:featuredmedia":[{"embeddable":true,"href":"http:\/\/cordobadirecto.com\/index.php\/wp-json\/wp\/v2\/media\/153669"}],"wp:attachment":[{"href":"http:\/\/cordobadirecto.com\/index.php\/wp-json\/wp\/v2\/media?parent=153668"}],"wp:term":[{"taxonomy":"category","embeddable":true,"href":"http:\/\/cordobadirecto.com\/index.php\/wp-json\/wp\/v2\/categories?post=153668"},{"taxonomy":"post_tag","embeddable":true,"href":"http:\/\/cordobadirecto.com\/index.php\/wp-json\/wp\/v2\/tags?post=153668"}],"curies":[{"name":"wp","href":"https:\/\/api.w.org\/{rel}","templated":true}]}}