{"id":153670,"date":"2024-07-31T12:08:25","date_gmt":"2024-07-31T12:08:25","guid":{"rendered":"https:\/\/www.ole.com.ar\/autos\/piloto-argentino-quiere-sumarse-indycar-nicolas-varrone_0_cfNHM6MmFy.html"},"modified":"2024-07-31T12:08:25","modified_gmt":"2024-07-31T12:08:25","slug":"el-piloto-argentino-que-suena-con-sumarse-a-la-indycar","status":"publish","type":"post","link":"http:\/\/cordobadirecto.com\/index.php\/2024\/07\/31\/el-piloto-argentino-que-suena-con-sumarse-a-la-indycar\/","title":{"rendered":"El piloto argentino que sue\u00f1a con sumarse a la IndyCar"},"content":{"rendered":"<p><time class=\"createDate\" datetime=\"2024-07-31T09:08:25-03:00\">31\/07\/2024 09:08hs.<\/time><\/p>\n<div id=\"storyBody\">\n<div class=\"custom-text \" readability=\"36\">\n<p>El arribo de <strong>Agust\u00edn Canapino<\/strong> a la <strong>IndyCar <\/strong>en 2023 supuso un crecimiento exponencial en cuanto a la popularidad de la categor\u00eda estadounidense en el p\u00fablico argentino. Y es que el Tit\u00e1n llegaba para demostrarle al mundo que los esfuerzos de un piloto de turismo podr\u00edan ser m\u00e1s que suficientes para pilotear con buen nivel un monoplaza sin experiencia previa. Ahora, un compatriota del arrecife\u00f1o est\u00e1 haciendo todo lo posible para competir all\u00ed: se trata de <strong>Nicol\u00e1s Varrone<\/strong>.<\/p>\n<\/div>\n<div class=\"custom-text \" readability=\"42\">\n<p>El <strong>dos veces ganador de las 24 Horas de Le Mans en la categor\u00eda LMGTE <\/strong>est\u00e1 buscando la manera de reorientar su carrera hacia los monoplazas, sue\u00f1o que persigue desde chico. Inspirado por figuras como Scott Dixon y Helio Castroneves, hoy rivales de Canapa en la actual temporada, el piloto albiceleste habl\u00f3 sobre su idea. \u201c<strong>Siempre quise correr en IndyCar, desde que era un ni\u00f1o<\/strong>. Cuando mi carrera se estanc\u00f3 en 2020, me di cuenta de que ten\u00eda que seguir compitiendo en cualquier lugar para ir creciendo, y eso me llev\u00f3 a las carreras de resistencia en Europa\u201d, revel\u00f3 al medio RACER.<\/p>\n<\/div>\n<div class=\"custom-text \" readability=\"41\">\n<p>Varrone, quien brill\u00f3 en el karting en Buenos Aires antes de trasladarse a Europa, gan\u00f3 el campeonato de F\u00f3rmula Renault V de V en su debut, la misma serie en la que Rinus VeeKay, hoy en la Indy, comenz\u00f3. A pesar de un prometedor inicio en la F\u00f3rmula 3 brit\u00e1nica con el modesto equipo Hillspeed en 2019 y de una victoria destacada en Spa, <strong>la falta de presupuesto limit\u00f3 sus oportunidades en 2020<\/strong>.<\/p>\n<\/div>\n<div class=\"sc-e7b891c4-0 jPbnQF\"><img alt=\"Con 23 a\u00f1os, Varrone se ilusiona con llegar a la IndyCar. (@NicoVarrone)\" src=\"http:\/\/cordobadirecto.com\/wp-content\/uploads\/2024\/08\/el-piloto-argentino-que-suena-con-sumarse-a-la-indycar.jpg\" width=\"720\" height=\"100\" decoding=\"async\" data-nimg=\"future\" loading=\"lazy\"><span class=\"epigraphe\">Con 23 a\u00f1os, Varrone se ilusiona con llegar a la IndyCar. (@NicoVarrone)<\/span><\/div>\n<div class=\"custom-text \" readability=\"40\">\n<p>Tras enfrentar dificultades financieras, Varrone encontr\u00f3 oportunidades en la competencia GT y en LMP3, logrando una victoria en la Rolex 24 At Daytona en 2023. M\u00e1s recientemente, en la categor\u00eda LMP2, se destac\u00f3 al ganar en Le Mans y registrar la vuelta m\u00e1s r\u00e1pida en su clase en las Seis Horas de The Glen. Con 23 a\u00f1os, el piloto tambi\u00e9n se destac\u00f3 en la categor\u00eda GTE del Campeonato Mundial de Resistencia de la FIA 2023 con Corvette Racing y triunf\u00f3 en la categor\u00eda LMP2 Pro-Am en Le Mans. <\/p>\n<\/div>\n<div class=\"custom-text \" readability=\"40\">\n<p>A pesar de las complicaciones econ\u00f3micas, Varrone buscar\u00e1 seguir el ejemplo de pilotos que utilizaron sus \u00e9xitos en autos deportivos como trampol\u00edn para llegar a los monoplazas. Ahora, seg\u00fan inform\u00f3 Carburando, <strong>se encuentra en conversaciones con tres equipos de IndyCar <\/strong>para explorar la posibilidad de realizar pruebas y, eventualmente, participar en carreras el pr\u00f3ximo a\u00f1o.<\/p>\n<\/div>\n<div class=\"sc-e7b891c4-0 jPbnQF\"><img alt=\"Varrone gan\u00f3 las 24 Horas de Le Mans. (@NicoVarrone)\" src=\"http:\/\/cordobadirecto.com\/wp-content\/uploads\/2024\/08\/el-piloto-argentino-que-suena-con-sumarse-a-la-indycar-1.jpg\" width=\"720\" height=\"100\" decoding=\"async\" data-nimg=\"future\" loading=\"lazy\"><span class=\"epigraphe\">Varrone gan\u00f3 las 24 Horas de Le Mans. (@NicoVarrone)<\/span><\/div>\n<div class=\"custom-text \" readability=\"39\">\n<p><strong>Elton Julian<\/strong>, l\u00edder del equipo DragonSpeed, destac\u00f3 el talento del oriundo de Ingeniero Maschwitz tras su actuaci\u00f3n en el circuito neoyorquino de Watkins Glen con la LMP2. \u201cTuve grandes pilotos en nuestros autos y Nico se uni\u00f3 a ese grupo de \u00e9lite. <strong>Es joven, r\u00e1pido, vers\u00e1til y actualmente est\u00e1 en su mejor momento<\/strong>. Necesita ser visto en la IndyCar\u201d.<\/p>\n<\/div>\n<div class=\"custom-text \" readability=\"39\">\n<p>Varrone, consciente de que es un desconocido en el \u00e1mbito de los monoplazas estadounidenses, est\u00e1 muy metido en sus redes sociales para intentar llegarle a la gente. Incluso hay un hashtag creado por sus fan\u00e1ticos: <strong>#NicoVarroneAIndy<\/strong>. \u201cEstamos trabajando en el aspecto de los patrocinios y tenemos inter\u00e9s de inversores que podr\u00edan apoyar si surge una buena oportunidad\u201d, coment\u00f3 el piloto argentino, que luego agreg\u00f3: \u201c<strong>Unas pruebas ser\u00edan ideales para atraer inversiones y abrir puertas para el pr\u00f3ximo a\u00f1o<\/strong>\u201d.<\/p>\n<\/div>\n<div class=\"sc-e7b891c4-0 jPbnQF\"><img alt=\"Varrone podr\u00eda hacer pruebas en la IndyCar el a\u00f1o que viene. (@NicoVarrone)\" src=\"http:\/\/cordobadirecto.com\/wp-content\/uploads\/2024\/08\/el-piloto-argentino-que-suena-con-sumarse-a-la-indycar-2.jpg\" width=\"720\" height=\"100\" decoding=\"async\" data-nimg=\"future\" loading=\"lazy\"><span class=\"epigraphe\">Varrone podr\u00eda hacer pruebas en la IndyCar el a\u00f1o que viene. (@NicoVarrone)<\/span><\/div>\n<p><h2><strong>El futuro de Canapino<\/strong><\/h2>\n<\/p>\n<div class=\"custom-text \" readability=\"39\">\n<p>Si bien no hay nada confirmado que vincule a Varrone con el equipo comandado por el argentino Ricardo Juncos (Juncos Hollinger Racing), se sabe que es dif\u00edcil que Canapino contin\u00fae compitiendo en la categor\u00eda para el 2025. As\u00ed lo hizo saber el Tit\u00e1n hace unos meses, cuando declar\u00f3: &#8220;<strong>Sinceramente, a\u00fan no s\u00e9 lo que ser\u00e1 de mi futuro<\/strong>. La meta es terminar la temporada, ver lo que pasa y despu\u00e9s pensar en el a\u00f1o que viene&#8221;.<\/p>\n<\/div>\n<div class=\"sc-a7166897-0 exHLBh\" readability=\"7\">\n<section readability=\"4\"><picture><img alt=\"Con un nuevo confirmado, \u00bfc\u00f3mo qued\u00f3 la parrilla de la F1 y qu\u00e9 asientos hay libres?\" src=\"http:\/\/cordobadirecto.com\/wp-content\/uploads\/2024\/08\/el-piloto-argentino-que-suena-con-sumarse-a-la-indycar-3.jpg\" width=\"290\" height=\"290\" decoding=\"async\" data-nimg=\"future\" loading=\"lazy\"><\/picture>\n<p><span>Mir\u00e1 tambi\u00e9n<\/span><\/p>\n<hr>\n<h3>Con un nuevo confirmado, \u00bfc\u00f3mo qued\u00f3 la parrilla de la F1 y qu\u00e9 asientos hay libres?<\/h3>\n<\/p>\n<\/section>\n<\/div>\n<div class=\"sc-a7166897-0 exHLBh\" readability=\"6\">\n<section readability=\"2\"><picture><img alt=\"F1: Carlos Sainz fich\u00f3 con Williams\" src=\"http:\/\/cordobadirecto.com\/wp-content\/uploads\/2024\/08\/el-piloto-argentino-que-suena-con-sumarse-a-la-indycar-4.jpg\" width=\"290\" height=\"290\" decoding=\"async\" data-nimg=\"future\" loading=\"lazy\"><\/picture>\n<p><span>Mir\u00e1 tambi\u00e9n<\/span><\/p>\n<hr>\n<h3>F1: Carlos Sainz fich\u00f3 con Williams<\/h3>\n<\/p>\n<\/section>\n<\/div>\n<div class=\"sc-a7166897-0 exHLBh\" readability=\"6\">\n<section readability=\"2\"><picture><img alt=\"El tierno gesto de Franco Colapinto con un peque\u00f1o fan\u00e1tico\" src=\"http:\/\/cordobadirecto.com\/wp-content\/uploads\/2024\/08\/el-piloto-argentino-que-suena-con-sumarse-a-la-indycar-5.jpg\" width=\"290\" height=\"290\" decoding=\"async\" data-nimg=\"future\" loading=\"lazy\"><\/picture>\n<p><span>Mir\u00e1 tambi\u00e9n<\/span><\/p>\n<hr>\n<h3>El tierno gesto de Franco Colapinto con un peque\u00f1o fan\u00e1tico<\/h3>\n<\/p>\n<\/section>\n<\/div>\n<div class=\"sc-a7166897-0 exHLBh\" readability=\"6\">\n<section readability=\"2\"><picture><img alt=\"F1: Hamilton aprovech\u00f3 la descalificaci\u00f3n de Russell y gan\u00f3 en Spa\" src=\"http:\/\/cordobadirecto.com\/wp-content\/uploads\/2024\/08\/el-piloto-argentino-que-suena-con-sumarse-a-la-indycar-6.jpg\" width=\"290\" height=\"290\" decoding=\"async\" data-nimg=\"future\" loading=\"lazy\"><\/picture>\n<p><span>Mir\u00e1 tambi\u00e9n<\/span><\/p>\n<hr>\n<h3>F1: Hamilton aprovech\u00f3 la descalificaci\u00f3n de Russell y gan\u00f3 en Spa<\/h3>\n<\/p>\n<\/section>\n<\/div>\n<\/div>\n","protected":false},"excerpt":{"rendered":"<p>31\/07\/2024 09:08hs. El arribo de Agust\u00edn Canapino a la IndyCar en 2023 supuso un crecimiento exponencial en cuanto a la popularidad de la categor\u00eda estadounidense en el p\u00fablico argentino. Y es que el Tit\u00e1n llegaba para demostrarle al mundo que los esfuerzos de un piloto de turismo podr\u00edan ser m\u00e1s que suficientes para pilotear con [&hellip;]<\/p>\n","protected":false},"author":1,"featured_media":153671,"comment_status":"closed","ping_status":"closed","sticky":false,"template":"","format":"standard","meta":[],"categories":[21],"tags":[],"_links":{"self":[{"href":"http:\/\/cordobadirecto.com\/index.php\/wp-json\/wp\/v2\/posts\/153670"}],"collection":[{"href":"http:\/\/cordobadirecto.com\/index.php\/wp-json\/wp\/v2\/posts"}],"about":[{"href":"http:\/\/cordobadirecto.com\/index.php\/wp-json\/wp\/v2\/types\/post"}],"author":[{"embeddable":true,"href":"http:\/\/cordobadirecto.com\/index.php\/wp-json\/wp\/v2\/users\/1"}],"replies":[{"embeddable":true,"href":"http:\/\/cordobadirecto.com\/index.php\/wp-json\/wp\/v2\/comments?post=153670"}],"version-history":[{"count":0,"href":"http:\/\/cordobadirecto.com\/index.php\/wp-json\/wp\/v2\/posts\/153670\/revisions"}],"wp:featuredmedia":[{"embeddable":true,"href":"http:\/\/cordobadirecto.com\/index.php\/wp-json\/wp\/v2\/media\/153671"}],"wp:attachment":[{"href":"http:\/\/cordobadirecto.com\/index.php\/wp-json\/wp\/v2\/media?parent=153670"}],"wp:term":[{"taxonomy":"category","embeddable":true,"href":"http:\/\/cordobadirecto.com\/index.php\/wp-json\/wp\/v2\/categories?post=153670"},{"taxonomy":"post_tag","embeddable":true,"href":"http:\/\/cordobadirecto.com\/index.php\/wp-json\/wp\/v2\/tags?post=153670"}],"curies":[{"name":"wp","href":"https:\/\/api.w.org\/{rel}","templated":true}]}}