{"id":153742,"date":"2024-08-02T18:26:50","date_gmt":"2024-08-02T18:26:50","guid":{"rendered":"https:\/\/cordoba.gob.ar\/?p=60050"},"modified":"2024-08-02T18:26:50","modified_gmt":"2024-08-02T18:26:50","slug":"passerini-recibio-a-organizaciones-de-la-sociedad-civil-que-impulsan-mejoras-en-el-area-central-de-la-ciudad","status":"publish","type":"post","link":"http:\/\/cordobadirecto.com\/index.php\/2024\/08\/02\/passerini-recibio-a-organizaciones-de-la-sociedad-civil-que-impulsan-mejoras-en-el-area-central-de-la-ciudad\/","title":{"rendered":"Passerini recibi\u00f3 a organizaciones de la sociedad civil que impulsan mejoras en el \u00e1rea central de la ciudad"},"content":{"rendered":"<div><img src=\"http:\/\/cordobadirecto.com\/wp-content\/uploads\/2024\/08\/passerini-recibio-a-organizaciones-de-la-sociedad-civil-que-impulsan-mejoras-en-el-area-central-de-la-ciudad.jpg\" class=\"ff-og-image-inserted\"><\/div>\n<p>En la jornada de hoy, el intendente de la ciudad, Daniel Passerini, recibi\u00f3 a representantes de la Asociaci\u00f3n Civil C\u00f3rdoba Nuestra y de la Iglesia Cat\u00f3lica de C\u00f3rdoba.<\/p>\n<p>El c\u00f3nclave rond\u00f3 en la puesta en com\u00fan de ideas tendientes a la mejora y puesta en valor del casco c\u00e9ntrico de la ciudad.<\/p>\n<p>Las organizaciones presentaron su valoraci\u00f3n sobre las problem\u00e1ticas que presenta este punto de la Capital y las posibles soluciones a implementar de manera conjunta con el Estado Municipal.<\/p>\n<p>Las partes coincidieron en focalizar los esfuerzos para generar acciones y proyectos que restablezcan el esplendor, la concurrencia y el atractivo que supo tener el centro capitalino.<\/p>\n<p>Acompa\u00f1aron al intendente el secretario de Gobierno, Fiscalizaci\u00f3n y Control, Rodrigo Fern\u00e1ndez; su par de Desarrollo Urbano, Diego Peralta; y la subsecretario de Cultura, Soledad Ferraro.<\/p>\n<p>La comitiva la Asociaci\u00f3n Civil C\u00f3rdoba Nuestra estuvo representada por el presidente, H\u00e9ctor Fiorani; su vicepresidente, Fernando Soteras; y el arquitecto asociado, Alberto Roganti.<\/p>\n<p>Por parte de la Iglesia Cat\u00f3lica de C\u00f3rdoba estuvo presente el p\u00e1rroco, Javier Soteras.<\/p>\n","protected":false},"excerpt":{"rendered":"<p>En la jornada de hoy, el intendente de la ciudad, Daniel Passerini, recibi\u00f3 a representantes de la Asociaci\u00f3n Civil C\u00f3rdoba Nuestra y de la Iglesia Cat\u00f3lica de C\u00f3rdoba. El c\u00f3nclave rond\u00f3 en la puesta en com\u00fan de ideas tendientes a la mejora y puesta en valor del casco c\u00e9ntrico de la ciudad. Las organizaciones presentaron [&hellip;]<\/p>\n","protected":false},"author":1,"featured_media":153743,"comment_status":"closed","ping_status":"closed","sticky":false,"template":"","format":"standard","meta":[],"categories":[44],"tags":[],"_links":{"self":[{"href":"http:\/\/cordobadirecto.com\/index.php\/wp-json\/wp\/v2\/posts\/153742"}],"collection":[{"href":"http:\/\/cordobadirecto.com\/index.php\/wp-json\/wp\/v2\/posts"}],"about":[{"href":"http:\/\/cordobadirecto.com\/index.php\/wp-json\/wp\/v2\/types\/post"}],"author":[{"embeddable":true,"href":"http:\/\/cordobadirecto.com\/index.php\/wp-json\/wp\/v2\/users\/1"}],"replies":[{"embeddable":true,"href":"http:\/\/cordobadirecto.com\/index.php\/wp-json\/wp\/v2\/comments?post=153742"}],"version-history":[{"count":0,"href":"http:\/\/cordobadirecto.com\/index.php\/wp-json\/wp\/v2\/posts\/153742\/revisions"}],"wp:featuredmedia":[{"embeddable":true,"href":"http:\/\/cordobadirecto.com\/index.php\/wp-json\/wp\/v2\/media\/153743"}],"wp:attachment":[{"href":"http:\/\/cordobadirecto.com\/index.php\/wp-json\/wp\/v2\/media?parent=153742"}],"wp:term":[{"taxonomy":"category","embeddable":true,"href":"http:\/\/cordobadirecto.com\/index.php\/wp-json\/wp\/v2\/categories?post=153742"},{"taxonomy":"post_tag","embeddable":true,"href":"http:\/\/cordobadirecto.com\/index.php\/wp-json\/wp\/v2\/tags?post=153742"}],"curies":[{"name":"wp","href":"https:\/\/api.w.org\/{rel}","templated":true}]}}