{"id":153767,"date":"2024-08-03T11:03:25","date_gmt":"2024-08-03T11:03:25","guid":{"rendered":"https:\/\/www.ole.com.ar\/futbol-ascenso\/ascenso-primera-nacional-diogo-guzman-venta_0_VQ2PmVPZTr.html"},"modified":"2024-08-03T11:03:25","modified_gmt":"2024-08-03T11:03:25","slug":"la-joyita-de-talleres-re-que-elimino-a-racing-y-fue-vendido-al-exterior","status":"publish","type":"post","link":"http:\/\/cordobadirecto.com\/index.php\/2024\/08\/03\/la-joyita-de-talleres-re-que-elimino-a-racing-y-fue-vendido-al-exterior\/","title":{"rendered":"La joyita de Talleres (RE) que elimin\u00f3 a Racing y fue vendido al exterior"},"content":{"rendered":"<p><time class=\"createDate\" datetime=\"2024-08-02T20:12:50-03:00\">02\/08\/2024 20:12hs.<\/time><\/p>\n<div id=\"storyBody\">\n<div class=\"custom-text \" readability=\"31.19298245614\">\n<p><a href=\"https:\/\/www.ole.com.ar\/tema\/talleres-re.html\" title=\"Talleres (RE)\" alt=\"Talleres (RE)\" class=\"slug\">Talleres<\/a> <strong>no atraviesa su mejor momento deportivo<\/strong> en la <a href=\"https:\/\/www.ole.com.ar\/tema\/primera-nacional.html\" title=\"Primera Nacional\" alt=\"Primera Nacional\" class=\"slug\">Primera Nacional<\/a>. Est\u00e1 apenas un punto arriba de la zona de promoci\u00f3n de la Zona A, ocupada por <a href=\"https:\/\/www.ole.com.ar\/tema\/arsenal-de-sarandi.html\" title=\"Arsenal de Sarand\u00ed\" alt=\"Arsenal de Sarand\u00ed\" class=\"slug\">Arsenal<\/a>. Y justamente los del Viaducto son el pr\u00f3ximo rival del Albirrojo: este mismo s\u00e1bado se ven las caras en el Pablo Comelli.<\/p>\n<\/div>\n<div class=\"custom-text \" readability=\"33.353623188406\">\n<p>Pero por los pasillos de Escalada hay otra noticia que es motivo de charlas. <strong>Y se trata de Diogo Guzm\u00e1n<\/strong>. S\u00ed, aquel pibe que qued\u00f3 en la historia por el partido con <a href=\"https:\/\/www.ole.com.ar\/copa-argentina\/racing-vs-talleres-remedios-escalada-partido-copa-argentina-16avos-final-horario-ver-formaciones_0_RQVspc88VS.html\" target=\"_self\" title=\"Racing en la actual Copa Argentina\" alt=\"Racing en la actual Copa Argentina\" rel=\"noopener\">Racing en la actual Copa Argentina<\/a>, de buen nivel en la corriente temporada. Aunque la raz\u00f3n no es de mucha gratitud para el hincha: el juvenil dej\u00f3 de ser jugador de Talleres.<\/p>\n<\/div>\n<div class=\"custom-text \" readability=\"38\">\n<p>Es que en las \u00faltimas horas, a trav\u00e9s de las redes sociales oficiales, el club anunci\u00f3<strong> la venta de Guzm\u00e1n al Montevideo City Torque<\/strong>. Tal como se explic\u00f3 en el comunicado, el conjunto de Escalada mantendr\u00e1 un 10% de una futura venta del surgido de la cantera. La operaci\u00f3n con la instituci\u00f3n perteneciente al City Group rondar\u00eda los 300 mil d\u00f3lares.<\/p>\n<\/div>\n<div class=\"sc-e7b891c4-0 jPbnQF\"><img alt=\"La despedida de Talleres de Escaldada a Guzm\u00e1n (Prensa Talleres)\" src=\"http:\/\/cordobadirecto.com\/wp-content\/uploads\/2024\/08\/la-joyita-de-talleres-re-que-elimino-a-racing-y-fue-vendido-al-exterior.jpg\" width=\"720\" height=\"100\" decoding=\"async\" data-nimg=\"future\" loading=\"lazy\"><span class=\"epigraphe\">La despedida de Talleres de Escaldada a Guzm\u00e1n (Prensa Talleres)<\/span><\/div>\n<p><h2><strong>Un partido para la historia<\/strong><\/h2>\n<\/p>\n<div class=\"custom-text \" readability=\"38\">\n<p>No fue solo el resultado. Sino tambi\u00e9n las formas, el rival, y los momentos de cada uno. <strong>Talleres viene dando una clara muestra de valor en la actual Copa Argentina<\/strong> frente a equipos de Primera Divisi\u00f3n. En primer instancia, tach\u00f3 a Instituto en la cancha de Atl\u00e9tico Rafaela y despu\u00e9s elimin\u00f3 nada m\u00e1s ni nada menos que a Racing. <\/p>\n<\/div>\n<div class=\"custom-text \" readability=\"38\">\n<p>El Albirrojo se enfrent\u00f3 a la Academia en Quilmes, <strong>con mucha expectativa y la posibilidad de quedar en la historia<\/strong>. Y el camin\u00f3 lo comenz\u00f3 a escribir r\u00e1pido, porque a los siete minutos ya se puso en ventaja con un tanto de Fernando Dur\u00e9. El conjunto de Avellaneda logr\u00f3 el empate casi 60 minutos despu\u00e9s gracias a Maxi Salas, pero no estaba todo escrito&#8230;<\/p>\n<\/div>\n<div class=\"custom-text \" readability=\"41\">\n<p>Unos diez minutos despu\u00e9s del gol de Racing, ingres\u00f3 el actor principal de esta historia. Diogo Guzm\u00e1n reemplaz\u00f3 a Tom\u00e1s Asprea, a poco del final, con un equipo ya cansado, un hombre menos y aguantando las arremetidas del rival. Pero en la \u00faltima, cuando parec\u00eda que no quedaba nada, <strong>el pibe quedo en la historia<\/strong>.<\/p>\n<\/div>\n<div class=\"custom-text \" readability=\"38\">\n<p>En un contragolpe, encontr\u00f3 un disparo desde fuera del \u00e1rea que Facundo Cambeses contuvo a medias. Es que tras el rebote del arquero, Ciro Campuzano rescat\u00f3 el bal\u00f3n y<strong> asisti\u00f3 a Guzm\u00e1n dentro del \u00e1rea, quien solo tuvo que empujar la pelota<\/strong> para el delirio de todo el p\u00fablico de Escalada y la eliminaci\u00f3n a la Acad\u00e9.<\/p>\n<\/div>\n<div type=\"embed\" class=\"sc-3f46f5ae-0 djVTgz\">\n<div class=\"sc-3f46f5ae-1 fTjZec videoText\" id=\"contentTitleembeduD4BCs5J\" type=\"embed\"><svg fill=\"#ffffff\"><symbol id=\"play\" viewBox=\"0 0 512 512\"><path d=\"M512 256C512 397.4 397.4 512 256 512C114.6 512 0 397.4 0 256C0 114.6 114.6 0 256 0C397.4 0 512 114.6 512 256zM176 168V344C176 352.7 180.7 360.7 188.3 364.9C195.8 369.2 205.1 369 212.5 364.5L356.5 276.5C363.6 272.1 368 264.4 368 256C368 247.6 363.6 239.9 356.5 235.5L212.5 147.5C205.1 142.1 195.8 142.8 188.3 147.1C180.7 151.3 176 159.3 176 168V168z\" \/><\/symbol><use xlink:href=\"#play\" \/><\/svg><\/p>\n<div class=\"right\">\n<p>Talleres (RE)<!-- --> &#8211;<!-- --> <span>&nbsp;<\/span><\/p>\n<h2 class=\"title-vid\">Guzm\u00e1n puso el 2 a 1 ante Racing sobre el final del partido<\/h2>\n<\/div>\n<\/div>\n<p><span class=\"back\" id=\"spanBackembeduD4BCs5J\"><\/span><\/div>\n<div class=\"custom-text \" readability=\"36\">\n<p>Sus buenas actuaciones lo posicionaron como <strong>una pieza clave en el equipo de Mart\u00edn Rol\u00f3n<\/strong>. El pibe encontr\u00f3 cada vez m\u00e1s continuidad, disput\u00f3 17 partidos en la actual temporada del Nacional y eso llam\u00f3 la atenci\u00f3n de Montevideo City Torque, su pr\u00f3ximo destino.<\/p>\n<\/div>\n<div class=\"sc-a7166897-0 exHLBh\" readability=\"6.5\">\n<section readability=\"3\"><picture><img alt=\"La gran reacci\u00f3n de los hinchas argentinos contra los jugadores franceses que fueron a provocar\" src=\"http:\/\/cordobadirecto.com\/wp-content\/uploads\/2024\/08\/la-joyita-de-talleres-re-que-elimino-a-racing-y-fue-vendido-al-exterior-1.jpg\" width=\"290\" height=\"290\" decoding=\"async\" data-nimg=\"future\" loading=\"lazy\"><\/picture>\n<p><span>Mir\u00e1 tambi\u00e9n<\/span><\/p>\n<hr>\n<h3>La gran reacci\u00f3n de los hinchas argentinos contra los jugadores franceses que fueron a provocar<\/h3>\n<\/p>\n<\/section>\n<\/div>\n<div class=\"sc-a7166897-0 exHLBh\" readability=\"6\">\n<section readability=\"2\"><picture><img alt=\"El uno por uno de la Selecci\u00f3n en la ca\u00edda vs. Francia y eliminaci\u00f3n de los Juegos\" src=\"http:\/\/cordobadirecto.com\/wp-content\/uploads\/2024\/08\/la-joyita-de-talleres-re-que-elimino-a-racing-y-fue-vendido-al-exterior-2.jpg\" width=\"290\" height=\"290\" decoding=\"async\" data-nimg=\"future\" loading=\"lazy\"><\/picture>\n<p><span>Mir\u00e1 tambi\u00e9n<\/span><\/p>\n<hr>\n<h3>El uno por uno de la Selecci\u00f3n en la ca\u00edda vs. Francia y eliminaci\u00f3n de los Juegos<\/h3>\n<\/p>\n<\/section>\n<\/div>\n<div class=\"sc-a7166897-0 exHLBh\" readability=\"6\">\n<section readability=\"2\"><picture><img alt=\"Estudiantes gole\u00f3 a Newell's \" src=\"http:\/\/cordobadirecto.com\/wp-content\/uploads\/2024\/08\/la-joyita-de-talleres-re-que-elimino-a-racing-y-fue-vendido-al-exterior-3.jpg\" width=\"290\" height=\"290\" decoding=\"async\" data-nimg=\"future\" loading=\"lazy\"><\/picture>\n<p><span>Mir\u00e1 tambi\u00e9n<\/span><\/p>\n<hr>\n<h3>Estudiantes gole\u00f3 a Newell&#8217;s <\/h3>\n<\/p>\n<\/section>\n<\/div>\n<div class=\"sc-a7166897-0 exHLBh\" readability=\"7.5\">\n<section readability=\"5\"><picture><img alt=\"La llave de los Juegos Ol\u00edmpicos: Francia, Espa\u00f1a, Marruecos y Egipto est\u00e1n en semis\" src=\"http:\/\/cordobadirecto.com\/wp-content\/uploads\/2024\/08\/la-joyita-de-talleres-re-que-elimino-a-racing-y-fue-vendido-al-exterior-4.jpg\" width=\"290\" height=\"290\" decoding=\"async\" data-nimg=\"future\" loading=\"lazy\"><\/picture>\n<p><span>Mir\u00e1 tambi\u00e9n<\/span><\/p>\n<hr>\n<h3>La llave de los Juegos Ol\u00edmpicos: Francia, Espa\u00f1a, Marruecos y Egipto est\u00e1n en semis<\/h3>\n<\/p>\n<\/section>\n<\/div>\n<\/div>\n","protected":false},"excerpt":{"rendered":"<p>02\/08\/2024 20:12hs. Talleres no atraviesa su mejor momento deportivo en la Primera Nacional. Est\u00e1 apenas un punto arriba de la zona de promoci\u00f3n de la Zona A, ocupada por Arsenal. Y justamente los del Viaducto son el pr\u00f3ximo rival del Albirrojo: este mismo s\u00e1bado se ven las caras en el Pablo Comelli. Pero por los [&hellip;]<\/p>\n","protected":false},"author":1,"featured_media":153768,"comment_status":"closed","ping_status":"closed","sticky":false,"template":"","format":"standard","meta":[],"categories":[21],"tags":[],"_links":{"self":[{"href":"http:\/\/cordobadirecto.com\/index.php\/wp-json\/wp\/v2\/posts\/153767"}],"collection":[{"href":"http:\/\/cordobadirecto.com\/index.php\/wp-json\/wp\/v2\/posts"}],"about":[{"href":"http:\/\/cordobadirecto.com\/index.php\/wp-json\/wp\/v2\/types\/post"}],"author":[{"embeddable":true,"href":"http:\/\/cordobadirecto.com\/index.php\/wp-json\/wp\/v2\/users\/1"}],"replies":[{"embeddable":true,"href":"http:\/\/cordobadirecto.com\/index.php\/wp-json\/wp\/v2\/comments?post=153767"}],"version-history":[{"count":0,"href":"http:\/\/cordobadirecto.com\/index.php\/wp-json\/wp\/v2\/posts\/153767\/revisions"}],"wp:featuredmedia":[{"embeddable":true,"href":"http:\/\/cordobadirecto.com\/index.php\/wp-json\/wp\/v2\/media\/153768"}],"wp:attachment":[{"href":"http:\/\/cordobadirecto.com\/index.php\/wp-json\/wp\/v2\/media?parent=153767"}],"wp:term":[{"taxonomy":"category","embeddable":true,"href":"http:\/\/cordobadirecto.com\/index.php\/wp-json\/wp\/v2\/categories?post=153767"},{"taxonomy":"post_tag","embeddable":true,"href":"http:\/\/cordobadirecto.com\/index.php\/wp-json\/wp\/v2\/tags?post=153767"}],"curies":[{"name":"wp","href":"https:\/\/api.w.org\/{rel}","templated":true}]}}