{"id":153777,"date":"2024-08-02T15:10:40","date_gmt":"2024-08-02T15:10:40","guid":{"rendered":"https:\/\/cordoba.gob.ar\/?p=60043"},"modified":"2024-08-02T15:10:40","modified_gmt":"2024-08-02T15:10:40","slug":"mes-de-las-infancias-once-fechas-y-lugares-para-festejar-jugar-y-escribir-un-cuaderno-gigante-con-los-suenos-de-un-futuro-mejor","status":"publish","type":"post","link":"http:\/\/cordobadirecto.com\/index.php\/2024\/08\/02\/mes-de-las-infancias-once-fechas-y-lugares-para-festejar-jugar-y-escribir-un-cuaderno-gigante-con-los-suenos-de-un-futuro-mejor\/","title":{"rendered":"Mes de las Infancias: once fechas y lugares para festejar, jugar y escribir un cuaderno gigante con los sue\u00f1os de un futuro mejor"},"content":{"rendered":"<div><img src=\"http:\/\/cordobadirecto.com\/wp-content\/uploads\/2024\/08\/mes-de-las-infancias-once-fechas-y-lugares-para-festejar-jugar-y-escribir-un-cuaderno-gigante-con-los-suenos-de-un-futuro-mejor.jpg\" class=\"ff-og-image-inserted\"><\/div>\n<ul class=\"ak-ul\">\n<li><strong>A trav\u00e9s de juegos, m\u00fasica y talleres, los ni\u00f1os, ni\u00f1as y adolescentes podr\u00e1n contar lo que m\u00e1s les gusta y lo que quisieran mejorar en los barrios de la ciudad.<\/strong><\/li>\n<li><strong>La primera fiesta ser\u00e1 este s\u00e1bado de 15:00 a 18:00 horas en el Parque Educativo Noroeste, de barrio Marqu\u00e9s Anexo.<\/strong><\/li>\n<\/ul>\n<hr>\n<p>Este agosto, la Municipalidad de C\u00f3rdoba celebra el Mes de las Infancias en once puntos de la ciudad y de una manera especial: poniendo el foco en la voz de ni\u00f1as, ni\u00f1os y adolescentes. Escuchando sus ideas y opiniones, el municipio quiere revalorizar el protagonismo de los m\u00e1s peque\u00f1os en la construcci\u00f3n de la ciudad que desean.<\/p>\n<p>\u201cLanzamos un programa a trav\u00e9s del cual durante un mes las infancias van a poder disfrutar de los lugares que hay en los barrios y en la ciudad\u201d, manifest\u00f3 Ra\u00fal la Cava, secretario de Pol\u00edticas Sociales y Desarrollo Humano.<\/p>\n<p>\u201cVamos a seguir mejorando los lugares para que los ni\u00f1os y las ni\u00f1as puedan encontrarse y disfrutar de los espacios, porque es el primer derecho que quiero que puedan llevarlo adelante\u201d, concluy\u00f3<\/p>\n<p>A tal fin, a trav\u00e9s del juego se invita a los m\u00e1s peque\u00f1os de la ciudad a reflexionar sobre sus barrios, a identificar lo que m\u00e1s les gusta y lo que quisieran mejorar, cuyas ideas ser\u00e1n inspiraci\u00f3n para futuras mejoras.<\/p>\n<p>A trav\u00e9s de actividades creativas, cada participante podr\u00e1 expresar sus ideas y sue\u00f1os para la ciudad. En un cuaderno gigante podr\u00e1n dejar sus palabras las que inspirar\u00e1n a construir un futuro mejor.<\/p>\n<p>De este modo, y con el objetivo de llegar con esta propuesta a los diferentes sectores de la ciudad, la Secretar\u00eda de Pol\u00edticas Sociales y Desarrollo Humano, a trav\u00e9s de la Subsecretar\u00eda de Familia y Desarrollo Comunitario y de manera articulada con la Secretar\u00eda de Educaci\u00f3n y la Secretar\u00eda de Cultura y Comunicaci\u00f3n. realizar\u00e1 diferentes festejos.<\/p>\n<p>Desde este s\u00e1bado, y en cada punto de la ciudad, las ni\u00f1as, ni\u00f1os y adolescentes podr\u00e1n acceder y disfrutar de juegos, m\u00fasica, talleres y muchas sorpresas.<\/p>\n<p><strong>Cronograma<\/strong><\/p>\n<p>Cada evento, ha sido desarrollado pensando en el juego como una de las herramientas m\u00e1s eficaces para el desarrollo de las infancias. Al jugar, aprenden, se relacionan y construyen su identidad.<\/p>\n<p>El cierre, previsto para el s\u00e1bado 31 de agosto en el Parque las Heras, ser\u00e1 una gran fiesta para celebrar el talento de las infancias y de los j\u00f3venes cordobeses.<\/p>\n<p>El cronograma para poder conocer cuando ser\u00e1 el festejo en cada barrio es el siguiente:<\/p>\n<ul class=\"ak-ul\">\n<li>S\u00e1bado 03\/08, de 15:00 a 18:00 horas, Parque Educativo Noroeste en barrio Marqu\u00e9s Anexo.<\/li>\n<li>Domingo 04\/08, de 15:00 a 18:00 horas Centro Operativo Col\u00f3n.<\/li>\n<li>Viernes 09\/08, de 15:00 a 18:00 horas en el Polideportivo de Villa Boedo.<\/li>\n<li>S\u00e1bado 10\/08, de 15:00 a 18:00 horas en el CEB Capdevilla.<\/li>\n<li>Domingo 11\/08, de 15:00 a 18:00 horas, Parque Educativo Norte.<\/li>\n<li>Viernes 16\/08, de 15:00 a 18:00 horas, Parque Nido Avellaneda.<\/li>\n<li>S\u00e1bado 17\/08, de 15:00 a 18:00 horas, Parque Educativo Este.<\/li>\n<li>Domingo 18\/08, de 15:00 a 18:00 horas, Parque Educativo Estaci\u00f3n Flores.<\/li>\n<li>S\u00e1bado 24\/08, de 15:00 a 18:00 horas, Parque Educativo Sur.<\/li>\n<li>Domingo 25\/08, de 9:00 a 13:00 horas, Estadio Mario Alberto Kempes (junto al Gobierno Provincial).<\/li>\n<li>S\u00e1bado 31\/08, de 15:00 a 18:00 horas, Parque las Heras.<\/li>\n<\/ul>\n","protected":false},"excerpt":{"rendered":"<p>A trav\u00e9s de juegos, m\u00fasica y talleres, los ni\u00f1os, ni\u00f1as y adolescentes podr\u00e1n contar lo que m\u00e1s les gusta y lo que quisieran mejorar en los barrios de la ciudad. La primera fiesta ser\u00e1 este s\u00e1bado de 15:00 a 18:00 horas en el Parque Educativo Noroeste, de barrio Marqu\u00e9s Anexo. Este agosto, la Municipalidad de [&hellip;]<\/p>\n","protected":false},"author":1,"featured_media":153778,"comment_status":"closed","ping_status":"closed","sticky":false,"template":"","format":"standard","meta":[],"categories":[44],"tags":[],"_links":{"self":[{"href":"http:\/\/cordobadirecto.com\/index.php\/wp-json\/wp\/v2\/posts\/153777"}],"collection":[{"href":"http:\/\/cordobadirecto.com\/index.php\/wp-json\/wp\/v2\/posts"}],"about":[{"href":"http:\/\/cordobadirecto.com\/index.php\/wp-json\/wp\/v2\/types\/post"}],"author":[{"embeddable":true,"href":"http:\/\/cordobadirecto.com\/index.php\/wp-json\/wp\/v2\/users\/1"}],"replies":[{"embeddable":true,"href":"http:\/\/cordobadirecto.com\/index.php\/wp-json\/wp\/v2\/comments?post=153777"}],"version-history":[{"count":0,"href":"http:\/\/cordobadirecto.com\/index.php\/wp-json\/wp\/v2\/posts\/153777\/revisions"}],"wp:featuredmedia":[{"embeddable":true,"href":"http:\/\/cordobadirecto.com\/index.php\/wp-json\/wp\/v2\/media\/153778"}],"wp:attachment":[{"href":"http:\/\/cordobadirecto.com\/index.php\/wp-json\/wp\/v2\/media?parent=153777"}],"wp:term":[{"taxonomy":"category","embeddable":true,"href":"http:\/\/cordobadirecto.com\/index.php\/wp-json\/wp\/v2\/categories?post=153777"},{"taxonomy":"post_tag","embeddable":true,"href":"http:\/\/cordobadirecto.com\/index.php\/wp-json\/wp\/v2\/tags?post=153777"}],"curies":[{"name":"wp","href":"https:\/\/api.w.org\/{rel}","templated":true}]}}