{"id":153834,"date":"2024-08-04T17:13:50","date_gmt":"2024-08-04T17:13:50","guid":{"rendered":"https:\/\/cordoba.gob.ar\/?p=60060"},"modified":"2024-08-04T17:13:50","modified_gmt":"2024-08-04T17:13:50","slug":"cortometrajes-para-los-mas-pequenos-y-la-pelicula-de-caravana-las-dos-propuestas-de-domingo-en-la-piojera","status":"publish","type":"post","link":"http:\/\/cordobadirecto.com\/index.php\/2024\/08\/04\/cortometrajes-para-los-mas-pequenos-y-la-pelicula-de-caravana-las-dos-propuestas-de-domingo-en-la-piojera\/","title":{"rendered":"Cortometrajes para los m\u00e1s peque\u00f1os y la pel\u00edcula \u201cDe Caravana\u201d, las dos propuestas de domingo en La Piojera"},"content":{"rendered":"<div><img src=\"http:\/\/cordobadirecto.com\/wp-content\/uploads\/2024\/08\/cortometrajes-para-los-mas-pequenos-y-la-pelicula-de-caravana-las-dos-propuestas-de-domingo-en-la-piojera.jpg\" class=\"ff-og-image-inserted\"><\/div>\n<ul>\n<li><strong>A las 17 horas se proyectar\u00e1n animaciones en el marco de Anima, el Festival Internacional de Animaci\u00f3n de C\u00f3rdoba.<\/strong><\/li>\n<li><strong><strong>Y desde las 19, se podr\u00e1 ver \u201cDe Caravana\u201d, una de las pel\u00edculas cordobesas que m\u00e1s popularidad alcanz\u00f3 desde su estreno.<\/strong><\/strong><br \/>\n<hr>\n<\/li>\n<\/ul>\n<p>El Centro Cultural La Piojera invita a disfrutar de sus cl\u00e1sicos ciclos de cine para las infancias y p\u00fablico en general, ubicado en Av. Col\u00f3n 1559 en pleno coraz\u00f3n de barrio Alberdi.<\/p>\n<p>Con entrada libre y salida a la gorra consciente.<\/p>\n<p>A partir de las 17 horas, en el marco del ciclo \u201cPiojites al Poder\u201d, se proyectar\u00e1 una muestra de animaciones para ni\u00f1as y ni\u00f1os a partir de los seis a\u00f1os.<\/p>\n<p>Esta selecci\u00f3n, que recorre las mejores animaciones para infancias de las trece ediciones de ANIMA hasta la fecha, presenta cortometrajes de todo el mundo para conmoverse, re\u00edr, imaginar y viajar.<\/p>\n<p><strong>Sobre el ANIMA<\/strong><\/p>\n<p>Es un evento de car\u00e1cter acad\u00e9mico y cultural, de alcance internacional, dedicado espec\u00edficamente al arte y la t\u00e9cnica de la animaci\u00f3n. Originado en 2001, en la actualidad es uno de los principales eventos sobre animaci\u00f3n realizado en la Rep\u00fablica Argentina; y uno de los festivales animados m\u00e1s relevantes y valorados de Am\u00e9rica Latina.<\/p>\n<p><strong>Cine popular: De Caravana<\/strong><\/p>\n<p>A las 19 horas, el p\u00fablico en general podr\u00e1 ver \u201cDe Caravana\u201d, una comedia dirigida por Rosendo Ruiz, estrenada en noviembre de 2011.<\/p>\n<p>Desde entonces, la pel\u00edcula irrumpi\u00f3 en el cine argentino, logrando capturar la vida secreta de la ciudad, con sus sonidos, m\u00fasica, lenguaje, su complicidad y comicidad, demostrando el potencial del cine cordob\u00e9s de los \u00faltimos a\u00f1os.<\/p>\n<p>La obra de Ruiz, combina lo popular con la comedia rom\u00e1ntica y el drama. De caravana invita a conocer un mundo relatando la ins\u00f3lita semana en la vida de un fot\u00f3grafo cordob\u00e9s que se involucra en el mundo del \u00eddolo popular \u201cLa Mona\u201d Jim\u00e9nez. Gracias a la caravana de aventuras que vive, lograr\u00e1 descubrir su verdadero artista.<\/p>\n<p>El sonido de C\u00f3rdoba y la musicalidad del lenguaje constituyen la verdadera banda de sonido de la pel\u00edcula.<\/p>\n<p>Luego de circular por festivales, salas de cine y otros soportes, el largometraje tambi\u00e9n se puede ver por streaming en Amazon Prime Video.<\/p>\n","protected":false},"excerpt":{"rendered":"<p>A las 17 horas se proyectar\u00e1n animaciones en el marco de Anima, el Festival Internacional de Animaci\u00f3n de C\u00f3rdoba. Y desde las 19, se podr\u00e1 ver \u201cDe Caravana\u201d, una de las pel\u00edculas cordobesas que m\u00e1s popularidad alcanz\u00f3 desde su estreno. El Centro Cultural La Piojera invita a disfrutar de sus cl\u00e1sicos ciclos de cine para [&hellip;]<\/p>\n","protected":false},"author":1,"featured_media":153835,"comment_status":"closed","ping_status":"closed","sticky":false,"template":"","format":"standard","meta":[],"categories":[44],"tags":[],"_links":{"self":[{"href":"http:\/\/cordobadirecto.com\/index.php\/wp-json\/wp\/v2\/posts\/153834"}],"collection":[{"href":"http:\/\/cordobadirecto.com\/index.php\/wp-json\/wp\/v2\/posts"}],"about":[{"href":"http:\/\/cordobadirecto.com\/index.php\/wp-json\/wp\/v2\/types\/post"}],"author":[{"embeddable":true,"href":"http:\/\/cordobadirecto.com\/index.php\/wp-json\/wp\/v2\/users\/1"}],"replies":[{"embeddable":true,"href":"http:\/\/cordobadirecto.com\/index.php\/wp-json\/wp\/v2\/comments?post=153834"}],"version-history":[{"count":0,"href":"http:\/\/cordobadirecto.com\/index.php\/wp-json\/wp\/v2\/posts\/153834\/revisions"}],"wp:featuredmedia":[{"embeddable":true,"href":"http:\/\/cordobadirecto.com\/index.php\/wp-json\/wp\/v2\/media\/153835"}],"wp:attachment":[{"href":"http:\/\/cordobadirecto.com\/index.php\/wp-json\/wp\/v2\/media?parent=153834"}],"wp:term":[{"taxonomy":"category","embeddable":true,"href":"http:\/\/cordobadirecto.com\/index.php\/wp-json\/wp\/v2\/categories?post=153834"},{"taxonomy":"post_tag","embeddable":true,"href":"http:\/\/cordobadirecto.com\/index.php\/wp-json\/wp\/v2\/tags?post=153834"}],"curies":[{"name":"wp","href":"https:\/\/api.w.org\/{rel}","templated":true}]}}