{"id":153849,"date":"2024-08-04T22:32:20","date_gmt":"2024-08-04T22:32:20","guid":{"rendered":"https:\/\/cordoba.gob.ar\/?p=60040"},"modified":"2024-08-04T22:32:20","modified_gmt":"2024-08-04T22:32:20","slug":"les-bartules-una-obra-de-teatro-que-promueve-practicas-saludables","status":"publish","type":"post","link":"http:\/\/cordobadirecto.com\/index.php\/2024\/08\/04\/les-bartules-una-obra-de-teatro-que-promueve-practicas-saludables\/","title":{"rendered":"Les Bartul\u00e9s: una obra de teatro que promueve pr\u00e1cticas saludables"},"content":{"rendered":"<div><img src=\"http:\/\/cordobadirecto.com\/wp-content\/uploads\/2024\/08\/les-bartules-una-obra-de-teatro-que-promueve-practicas-saludables.png\" class=\"ff-og-image-inserted\"><\/div>\n<ul>\n<li><strong>Se presentar\u00e1n seis funciones durante toda la semana en las que participar\u00e1n ni\u00f1os y ni\u00f1as que concurren a los Parques Educativos y las escuelas municipales de la ciudad.<\/strong><\/li>\n<li><strong><strong>Comenzar\u00e1 este lunes a las 14:00 horas.<\/strong><\/strong><br \/>\n<hr>\n<\/li>\n<\/ul>\n<p>La Municipalidad de C\u00f3rdoba invita a toda la comunidad a presenciar las funciones de la obra \u201cLes Bartules, el mundo que merec\u00e9s\u201d que se llevar\u00e1 adelante del 5 al 9 de agosto en el Centro Cultural La Piojera.<\/p>\n<p>Se presentar\u00e1n seis funciones en las que participar\u00e1n ni\u00f1os y ni\u00f1as de los Parques Educativos y las escuelas municipales de la ciudad.<\/p>\n<p>Las funciones comenzar\u00e1n este lunes a las 14:00 horas.<\/p>\n<p>Una iniciativa destinada a potenciar las pr\u00e1cticas de alimentaci\u00f3n saludable a trav\u00e9s de una propuesta socioeducativa que, mediante el arte, difunde y reproduce mensajes de concientizaci\u00f3n para ni\u00f1os, ni\u00f1as y sus familias.<\/p>\n<p>Una obra musical que est\u00e1 conformada por una banda con disparatados y coloridos personajes. Con su original repertorio y melod\u00edas hacen divertir y reflexionar a ni\u00f1os, ni\u00f1as y adultos con mensajes para contribuir a potenciar los h\u00e1bitos saludables.<\/p>\n<p>Una propuesta que desarrolla la Secretar\u00eda de Educaci\u00f3n por la Subsecretar\u00eda de Educaci\u00f3n Social Cient\u00edfica y Tecnol\u00f3gica y la Subsecretar\u00eda de Educaci\u00f3n Inicial y Modalidades; la Subsecretar\u00eda de Cultura perteneciente a la cartera del mismo mote; junto a la Asociaci\u00f3n Civil Supersaludable.<\/p>\n<p><strong>Cronograma:<\/strong><\/p>\n<ul class=\"ak-ul\">\n<li>5\/08 14:00 hs \u2013 Parque Educativo Estaci\u00f3n Flores<\/li>\n<li>06\/08 15:00 hs \u2013 Parque Educativo Este<\/li>\n<li>07\/08 10:00 hs \u2013 Parque Educativo Sur<\/li>\n<li>08\/08 10:00 hs \u2013 Parque Educativo Norte<\/li>\n<li>08\/08 14:00 hs \u2013 Parque Educativo Sureste<\/li>\n<li>09:08 10:00 hs \u2013 Parque Educativo Noroeste<\/li>\n<\/ul>\n","protected":false},"excerpt":{"rendered":"<p>Se presentar\u00e1n seis funciones durante toda la semana en las que participar\u00e1n ni\u00f1os y ni\u00f1as que concurren a los Parques Educativos y las escuelas municipales de la ciudad. Comenzar\u00e1 este lunes a las 14:00 horas. La Municipalidad de C\u00f3rdoba invita a toda la comunidad a presenciar las funciones de la obra \u201cLes Bartules, el mundo [&hellip;]<\/p>\n","protected":false},"author":1,"featured_media":153850,"comment_status":"closed","ping_status":"closed","sticky":false,"template":"","format":"standard","meta":[],"categories":[44],"tags":[],"_links":{"self":[{"href":"http:\/\/cordobadirecto.com\/index.php\/wp-json\/wp\/v2\/posts\/153849"}],"collection":[{"href":"http:\/\/cordobadirecto.com\/index.php\/wp-json\/wp\/v2\/posts"}],"about":[{"href":"http:\/\/cordobadirecto.com\/index.php\/wp-json\/wp\/v2\/types\/post"}],"author":[{"embeddable":true,"href":"http:\/\/cordobadirecto.com\/index.php\/wp-json\/wp\/v2\/users\/1"}],"replies":[{"embeddable":true,"href":"http:\/\/cordobadirecto.com\/index.php\/wp-json\/wp\/v2\/comments?post=153849"}],"version-history":[{"count":0,"href":"http:\/\/cordobadirecto.com\/index.php\/wp-json\/wp\/v2\/posts\/153849\/revisions"}],"wp:featuredmedia":[{"embeddable":true,"href":"http:\/\/cordobadirecto.com\/index.php\/wp-json\/wp\/v2\/media\/153850"}],"wp:attachment":[{"href":"http:\/\/cordobadirecto.com\/index.php\/wp-json\/wp\/v2\/media?parent=153849"}],"wp:term":[{"taxonomy":"category","embeddable":true,"href":"http:\/\/cordobadirecto.com\/index.php\/wp-json\/wp\/v2\/categories?post=153849"},{"taxonomy":"post_tag","embeddable":true,"href":"http:\/\/cordobadirecto.com\/index.php\/wp-json\/wp\/v2\/tags?post=153849"}],"curies":[{"name":"wp","href":"https:\/\/api.w.org\/{rel}","templated":true}]}}