{"id":153892,"date":"2024-08-05T22:30:41","date_gmt":"2024-08-05T22:30:41","guid":{"rendered":"https:\/\/cordoba.gob.ar\/?p=60091"},"modified":"2024-08-05T22:30:41","modified_gmt":"2024-08-05T22:30:41","slug":"adultos-mayores-de-la-residencia-padre-la-monaca-viajaron-al-valle-de-punilla","status":"publish","type":"post","link":"http:\/\/cordobadirecto.com\/index.php\/2024\/08\/05\/adultos-mayores-de-la-residencia-padre-la-monaca-viajaron-al-valle-de-punilla\/","title":{"rendered":"Adultos mayores de la Residencia Padre La M\u00f3naca viajaron al Valle de Punilla"},"content":{"rendered":"<div><img src=\"http:\/\/cordobadirecto.com\/wp-content\/uploads\/2024\/08\/adultos-mayores-de-la-residencia-padre-la-monaca-viajaron-al-valle-de-punilla.jpg\" class=\"ff-og-image-inserted\"><\/div>\n<ul>\n<li><strong><strong>Se quedaron tres noches en Santa Mar\u00eda y disfrutaron de los paisajes y la m\u00fasica t\u00edpica.<\/strong><\/strong><br \/>\n<hr>\n<\/li>\n<\/ul>\n<p>Un grupo de personas mayores que vive en la Residencia Municipal de Larga Estad\u00eda para Adultos Mayores \u201cPadre La M\u00f3naca\u201d realiz\u00f3 un viaje de cuatro d\u00edas y tres noches al Valle de Punilla.<\/p>\n<p>Se llev\u00f3 a cabo en el marco de una propuesta articulada desde la Secretar\u00eda de Salud de la Municipalidad de C\u00f3rdoba con el Ministerio de Desarrollo Social y Promoci\u00f3n del Empleo de la provincia y el Consejo Barrial del cuadrante 5D.<\/p>\n<p>Unas 14 personas visitaron el complejo provincial ubicado en Santa Mar\u00eda de Punilla, donde disfrutaron de actividades varias, acompa\u00f1ados de una cuidadora y una enfermera de la residencia municipal.<\/p>\n<p>All\u00ed pasaron los d\u00edas jugando a las bochas, al truco y realizando deportes varios, junto con residentes de otras instituciones provinciales, de la ciudad y del interior de C\u00f3rdoba.<\/p>\n<p>Esto les permiti\u00f3 acceder a otro espacio de socializaci\u00f3n, encontrarse con personas de su edad y disfrutar de un momento compartido de esparcimiento y diversi\u00f3n.<\/p>\n<p>Tambi\u00e9n hicieron caminatas por el valle, lo cual les permiti\u00f3 conocer la hermosa flora nativa de la provincia, as\u00ed como tambi\u00e9n sitios ic\u00f3nicos en nuestros paisajes.<\/p>\n<p>En una de las noches, disfrutaron de un espect\u00e1culo de ballet folkl\u00f3rico en la plaza Pr\u00f3spero Molina, de la ciudad de Cosqu\u00edn, lugar que la mayor\u00eda de ellos nunca hab\u00edan conocido en persona.<\/p>\n<p><em>\u201cLa mayor\u00eda de los adultos mayores tiene 60 a\u00f1os o m\u00e1s. Y convivieron con el Festival Nacional de Cosqu\u00edn solo por televisi\u00f3n, durante toda su vida. Para ellos, que han tenido poco acceso al turismo, poder hacer este viaje es algo muy lindo\u201d<\/em>, remarc\u00f3 el director de la residencia, Arturo Jaimez Lucchetta.<\/p>\n<p><em>\u201cDesde la salida, subirse a un colectivo, ir cantando, contando cuentos, contando historias y conoci\u00e9ndose, romper esa rutina con un viaje, con las nuevas rutas preciosas que tiene C\u00f3rdoba, relacionarse con otras personas, hacer amistades, eso a cualquiera nos mejora la vida cuando vamos de vacaciones\u201d<\/em>, reconoci\u00f3.<\/p>\n<p>El cierre fue animado con un baile de despedida con m\u00fasica popular, folclore y cuarteto.<\/p>\n<p><strong>Las actividades de socializaci\u00f3n para la salud del adulto mayor<\/strong><\/p>\n<p><em>\u201cEsto, en primera medida, es un espacio de socializaci\u00f3n important\u00edsimo. Por lo general, las personas mayores que viven ac\u00e1 s\u00f3lo se relacionan con quienes viven dentro de la residencia. Entonces, esto mejora todo en la persona mayor, no solamente su salud f\u00edsica, sino tambi\u00e9n el estadio biopsicosocial: cambiar de espacios, vencer la soledad y mejorar su reserva cognitiva\u201d<\/em>, concluy\u00f3 Jaimez Lucchetta.<\/p>\n<p>Acciones como esta, en las que se articulan las ideas del municipio y la provincia, redundan en beneficios para la gente, su calidad de vida y su bienestar integral.<\/p>\n<p>La articulaci\u00f3n de las \u00e1reas del municipio y de la provincia permite la concreci\u00f3n de estas acciones, gracias al trabajo conjunto y mancomunado de ambos gobiernos.<\/p>\n","protected":false},"excerpt":{"rendered":"<p>Se quedaron tres noches en Santa Mar\u00eda y disfrutaron de los paisajes y la m\u00fasica t\u00edpica. Un grupo de personas mayores que vive en la Residencia Municipal de Larga Estad\u00eda para Adultos Mayores \u201cPadre La M\u00f3naca\u201d realiz\u00f3 un viaje de cuatro d\u00edas y tres noches al Valle de Punilla. Se llev\u00f3 a cabo en el [&hellip;]<\/p>\n","protected":false},"author":1,"featured_media":153893,"comment_status":"closed","ping_status":"closed","sticky":false,"template":"","format":"standard","meta":[],"categories":[44],"tags":[],"_links":{"self":[{"href":"http:\/\/cordobadirecto.com\/index.php\/wp-json\/wp\/v2\/posts\/153892"}],"collection":[{"href":"http:\/\/cordobadirecto.com\/index.php\/wp-json\/wp\/v2\/posts"}],"about":[{"href":"http:\/\/cordobadirecto.com\/index.php\/wp-json\/wp\/v2\/types\/post"}],"author":[{"embeddable":true,"href":"http:\/\/cordobadirecto.com\/index.php\/wp-json\/wp\/v2\/users\/1"}],"replies":[{"embeddable":true,"href":"http:\/\/cordobadirecto.com\/index.php\/wp-json\/wp\/v2\/comments?post=153892"}],"version-history":[{"count":0,"href":"http:\/\/cordobadirecto.com\/index.php\/wp-json\/wp\/v2\/posts\/153892\/revisions"}],"wp:featuredmedia":[{"embeddable":true,"href":"http:\/\/cordobadirecto.com\/index.php\/wp-json\/wp\/v2\/media\/153893"}],"wp:attachment":[{"href":"http:\/\/cordobadirecto.com\/index.php\/wp-json\/wp\/v2\/media?parent=153892"}],"wp:term":[{"taxonomy":"category","embeddable":true,"href":"http:\/\/cordobadirecto.com\/index.php\/wp-json\/wp\/v2\/categories?post=153892"},{"taxonomy":"post_tag","embeddable":true,"href":"http:\/\/cordobadirecto.com\/index.php\/wp-json\/wp\/v2\/tags?post=153892"}],"curies":[{"name":"wp","href":"https:\/\/api.w.org\/{rel}","templated":true}]}}