{"id":153894,"date":"2024-08-06T01:29:46","date_gmt":"2024-08-06T01:29:46","guid":{"rendered":"http:\/\/cordobadirecto.com\/index.php\/2024\/08\/06\/la-inflacion-de-julio-fue-del-38-en-cordoba-la-ranchada\/"},"modified":"2024-08-06T01:29:46","modified_gmt":"2024-08-06T01:29:46","slug":"la-inflacion-de-julio-fue-del-38-en-cordoba-la-ranchada","status":"publish","type":"post","link":"http:\/\/cordobadirecto.com\/index.php\/2024\/08\/06\/la-inflacion-de-julio-fue-del-38-en-cordoba-la-ranchada\/","title":{"rendered":"La inflaci\u00f3n de julio fue del 3,8% en <b>C\u00f3rdoba<\/b> &#8211; La Ranchada"},"content":{"rendered":"<p>Adem\u00e1s, seg\u00fan el Informe Econ\u00f3mico y Social del Centro de Almaceneros <b>C\u00f3rdoba<\/b>, la inflaci\u00f3n interanual es del 309%. &#8230; <b>nuevo<\/b> Informe Econ\u00f3mico y Social&nbsp;&#8230; <\/p>\n","protected":false},"excerpt":{"rendered":"<p>Adem\u00e1s, seg\u00fan el Informe Econ\u00f3mico y Social del Centro de Almaceneros C\u00f3rdoba, la inflaci\u00f3n interanual es del 309%. &#8230; nuevo Informe Econ\u00f3mico y Social&nbsp;&#8230;<\/p>\n","protected":false},"author":1,"featured_media":0,"comment_status":"closed","ping_status":"closed","sticky":false,"template":"","format":"standard","meta":[],"categories":[40],"tags":[],"_links":{"self":[{"href":"http:\/\/cordobadirecto.com\/index.php\/wp-json\/wp\/v2\/posts\/153894"}],"collection":[{"href":"http:\/\/cordobadirecto.com\/index.php\/wp-json\/wp\/v2\/posts"}],"about":[{"href":"http:\/\/cordobadirecto.com\/index.php\/wp-json\/wp\/v2\/types\/post"}],"author":[{"embeddable":true,"href":"http:\/\/cordobadirecto.com\/index.php\/wp-json\/wp\/v2\/users\/1"}],"replies":[{"embeddable":true,"href":"http:\/\/cordobadirecto.com\/index.php\/wp-json\/wp\/v2\/comments?post=153894"}],"version-history":[{"count":0,"href":"http:\/\/cordobadirecto.com\/index.php\/wp-json\/wp\/v2\/posts\/153894\/revisions"}],"wp:attachment":[{"href":"http:\/\/cordobadirecto.com\/index.php\/wp-json\/wp\/v2\/media?parent=153894"}],"wp:term":[{"taxonomy":"category","embeddable":true,"href":"http:\/\/cordobadirecto.com\/index.php\/wp-json\/wp\/v2\/categories?post=153894"},{"taxonomy":"post_tag","embeddable":true,"href":"http:\/\/cordobadirecto.com\/index.php\/wp-json\/wp\/v2\/tags?post=153894"}],"curies":[{"name":"wp","href":"https:\/\/api.w.org\/{rel}","templated":true}]}}