{"id":153933,"date":"2024-08-06T11:01:16","date_gmt":"2024-08-06T11:01:16","guid":{"rendered":"http:\/\/cordobadirecto.com\/index.php\/2024\/08\/06\/proyectan-la-construccion-de-un-parque-de-energia-solar-en-cordoba-jornada-online\/"},"modified":"2024-08-06T11:01:16","modified_gmt":"2024-08-06T11:01:16","slug":"proyectan-la-construccion-de-un-parque-de-energia-solar-en-cordoba-jornada-online","status":"publish","type":"post","link":"http:\/\/cordobadirecto.com\/index.php\/2024\/08\/06\/proyectan-la-construccion-de-un-parque-de-energia-solar-en-cordoba-jornada-online\/","title":{"rendered":"Proyectan la construcci\u00f3n de un parque de energ\u00eda solar en <b>C\u00f3rdoba<\/b> &#8211; Jornada Online"},"content":{"rendered":"<p>El intendente de Cruz del Eje, Renato Raschetti, recibi\u00f3 la visita de Victoria Flores, ministra de Ambiente y <b>Econom\u00eda<\/b> &#8230; Se viene una <b>nueva<\/b> edici\u00f3n de&nbsp;&#8230; <\/p>\n","protected":false},"excerpt":{"rendered":"<p>El intendente de Cruz del Eje, Renato Raschetti, recibi\u00f3 la visita de Victoria Flores, ministra de Ambiente y Econom\u00eda &#8230; Se viene una nueva edici\u00f3n de&nbsp;&#8230;<\/p>\n","protected":false},"author":1,"featured_media":0,"comment_status":"closed","ping_status":"closed","sticky":false,"template":"","format":"standard","meta":[],"categories":[40],"tags":[],"_links":{"self":[{"href":"http:\/\/cordobadirecto.com\/index.php\/wp-json\/wp\/v2\/posts\/153933"}],"collection":[{"href":"http:\/\/cordobadirecto.com\/index.php\/wp-json\/wp\/v2\/posts"}],"about":[{"href":"http:\/\/cordobadirecto.com\/index.php\/wp-json\/wp\/v2\/types\/post"}],"author":[{"embeddable":true,"href":"http:\/\/cordobadirecto.com\/index.php\/wp-json\/wp\/v2\/users\/1"}],"replies":[{"embeddable":true,"href":"http:\/\/cordobadirecto.com\/index.php\/wp-json\/wp\/v2\/comments?post=153933"}],"version-history":[{"count":0,"href":"http:\/\/cordobadirecto.com\/index.php\/wp-json\/wp\/v2\/posts\/153933\/revisions"}],"wp:attachment":[{"href":"http:\/\/cordobadirecto.com\/index.php\/wp-json\/wp\/v2\/media?parent=153933"}],"wp:term":[{"taxonomy":"category","embeddable":true,"href":"http:\/\/cordobadirecto.com\/index.php\/wp-json\/wp\/v2\/categories?post=153933"},{"taxonomy":"post_tag","embeddable":true,"href":"http:\/\/cordobadirecto.com\/index.php\/wp-json\/wp\/v2\/tags?post=153933"}],"curies":[{"name":"wp","href":"https:\/\/api.w.org\/{rel}","templated":true}]}}