{"id":153942,"date":"2024-08-07T01:24:27","date_gmt":"2024-08-07T01:24:27","guid":{"rendered":"http:\/\/cordobadirecto.com\/index.php\/2024\/08\/07\/empresarios-y-politicos-debatieron-la-agenda-economica-en-rosario-punto-biz\/"},"modified":"2024-08-07T01:24:27","modified_gmt":"2024-08-07T01:24:27","slug":"empresarios-y-politicos-debatieron-la-agenda-economica-en-rosario-punto-biz","status":"publish","type":"post","link":"http:\/\/cordobadirecto.com\/index.php\/2024\/08\/07\/empresarios-y-politicos-debatieron-la-agenda-economica-en-rosario-punto-biz\/","title":{"rendered":"Empresarios y pol\u00edticos debatieron la agenda <b>econ\u00f3mica<\/b> en Rosario &#8211; Punto Biz"},"content":{"rendered":"<p>Llegaron a la ciudad los gobernadores de Santa Fe, Maximiliano Pullaro; Entre R\u00edos, Rogelio Frigerio; y <b>C\u00f3rdoba<\/b>, Mart\u00edn Llaryora, y adem\u00e1s estuvo&nbsp;&#8230; <\/p>\n","protected":false},"excerpt":{"rendered":"<p>Llegaron a la ciudad los gobernadores de Santa Fe, Maximiliano Pullaro; Entre R\u00edos, Rogelio Frigerio; y C\u00f3rdoba, Mart\u00edn Llaryora, y adem\u00e1s estuvo&nbsp;&#8230;<\/p>\n","protected":false},"author":1,"featured_media":0,"comment_status":"closed","ping_status":"closed","sticky":false,"template":"","format":"standard","meta":[],"categories":[40],"tags":[],"_links":{"self":[{"href":"http:\/\/cordobadirecto.com\/index.php\/wp-json\/wp\/v2\/posts\/153942"}],"collection":[{"href":"http:\/\/cordobadirecto.com\/index.php\/wp-json\/wp\/v2\/posts"}],"about":[{"href":"http:\/\/cordobadirecto.com\/index.php\/wp-json\/wp\/v2\/types\/post"}],"author":[{"embeddable":true,"href":"http:\/\/cordobadirecto.com\/index.php\/wp-json\/wp\/v2\/users\/1"}],"replies":[{"embeddable":true,"href":"http:\/\/cordobadirecto.com\/index.php\/wp-json\/wp\/v2\/comments?post=153942"}],"version-history":[{"count":0,"href":"http:\/\/cordobadirecto.com\/index.php\/wp-json\/wp\/v2\/posts\/153942\/revisions"}],"wp:attachment":[{"href":"http:\/\/cordobadirecto.com\/index.php\/wp-json\/wp\/v2\/media?parent=153942"}],"wp:term":[{"taxonomy":"category","embeddable":true,"href":"http:\/\/cordobadirecto.com\/index.php\/wp-json\/wp\/v2\/categories?post=153942"},{"taxonomy":"post_tag","embeddable":true,"href":"http:\/\/cordobadirecto.com\/index.php\/wp-json\/wp\/v2\/tags?post=153942"}],"curies":[{"name":"wp","href":"https:\/\/api.w.org\/{rel}","templated":true}]}}