{"id":153981,"date":"2024-08-06T21:37:03","date_gmt":"2024-08-06T21:37:03","guid":{"rendered":"https:\/\/es.digitaltrends.com\/?p=1036074"},"modified":"2024-08-06T21:37:03","modified_gmt":"2024-08-06T21:37:03","slug":"elon-musk-y-x-acusan-boicot-publicitario-y-demandan-a-anunciantes","status":"publish","type":"post","link":"http:\/\/cordobadirecto.com\/index.php\/2024\/08\/06\/elon-musk-y-x-acusan-boicot-publicitario-y-demandan-a-anunciantes\/","title":{"rendered":"Elon Musk y X acusan boicot publicitario y demandan a anunciantes"},"content":{"rendered":"<p>La gente de<a href=\"https:\/\/es.digitaltrends.com\/sociales\/elon-musk-anuncia-que-se-acaban-bloqueos-x-twitter\/\"><strong> X<\/strong> <\/a>est\u00e1 molesta y preocupada por los anunciantes, ya que alegan que hay un boicot publicitario en contra de la plataforma hace mucho tiempo, sobre todo desde que <a href=\"https:\/\/es.digitaltrends.com\/entretenimiento\/elon-musk-contra-kathleen-kennedy-lucasfilm-mas-mortal-estrella-de-la-muerte\/\"><strong>Elon Musk<\/strong><\/a>&nbsp;tom\u00f3 las riendas de la compa\u00f1\u00eda.<\/p>\n<p>Debido a eso, este martes 6 de agosto X.com present\u00f3 una demanda contra un grupo de importantes anunciantes por presuntamente conspirar para retener d\u00f3lares publicitarios de&nbsp;la plataforma de redes sociales.<\/p>\n<figure id=\"attachment_1020071\" aria-describedby=\"caption-attachment-1020071\" class=\"wp-caption alignnone\"><img src=\"http:\/\/cordobadirecto.com\/wp-content\/uploads\/2024\/08\/elon-musk-y-x-acusan-boicot-publicitario-y-demandan-a-anunciantes.gif\" data-dt-lazy-src=\"https:\/\/es.digitaltrends.com\/wp-content\/uploads\/2024\/02\/LightRocket-via-Getty-Images.jpg?fit=1200%2C800&amp;p=1\" fetchpriority=\"high\" decoding=\"async\" class=\" size-full wp-image-1020071 h-lightbox is-zoomable dt-lazy-load dt-lazy-pending\" alt=\"La aplicaci\u00f3n X (Twitter).\"><figcaption id=\"caption-attachment-1020071\" class=\"wp-caption-text\"><span class=\"credit\">Avishek Das\/SOPA Images\/LightRocket \/ Getty Images<\/span><\/figcaption><\/figure>\n<p>La demanda, presentada en un tribunal federal de Texas, dice que docenas de anunciantes siguieron la recomendaci\u00f3n de una coalici\u00f3n publicitaria clave, la Alianza Global para Medios Responsables (GARM), de boicotear la compra de anuncios en X desde que Musk compr\u00f3 la compa\u00f1\u00eda. La demanda dice que este giro de los acontecimientos le cost\u00f3 a la compa\u00f1\u00eda miles de millones de d\u00f3lares en ingresos. La demanda busca da\u00f1os no especificados por violaci\u00f3n de la ley antimonopolio de EE. UU.<\/p>\n<p class=\"paywall\">En&nbsp;<a class=\"external-link\" href=\"https:\/\/x.com\/i\/birdwatch\/t\/1820838625245880634\" target=\"_blank\" rel=\"nofollow noopener\" data-offer-url=\"https:\/\/x.com\/i\/birdwatch\/t\/1820838625245880634\" data-event-click=\"{&quot;element&quot;:&quot;ExternalLink&quot;,&quot;outgoingURL&quot;:&quot;https:\/\/x.com\/i\/birdwatch\/t\/1820838625245880634&quot;}\">un video compartido con X<\/a>, la directora ejecutiva de X, Linda Yaccarino, dijo que estaba \u00abconmocionada\u00bb por la evidencia descubierta por el Comit\u00e9 Judicial de la C\u00e1mara de Representantes de que hab\u00eda habido un \u00abboicot ilegal sistem\u00e1tico contra X\u00bb. Yaccarino intent\u00f3 reunir a los usuarios X con referencias a la libertad de expresi\u00f3n en su declaraci\u00f3n. Mientras apuntaba directamente a la c\u00e1mara, aleg\u00f3 que los anunciantes estaban \u00abapuntando a nuestra empresa, y a ustedes, nuestros usuarios\u00bb y \u00abamenazando su plaza global\u00bb.<\/p>\n<p>\u00abEn un mercado competitivo, cada plataforma de redes sociales establecer\u00eda los est\u00e1ndares de seguridad de marca que son \u00f3ptimos para esa plataforma y para sus usuarios, y los anunciantes seleccionar\u00edan unilateralmente las plataformas en las que se anuncian\u00bb,&nbsp;<a class=\"external-link\" href=\"https:\/\/storage.courtlistener.com\/recap\/gov.uscourts.txnd.393003\/gov.uscourts.txnd.393003.1.0_1.pdf\" target=\"_blank\" rel=\"nofollow noopener\" data-offer-url=\"https:\/\/storage.courtlistener.com\/recap\/gov.uscourts.txnd.393003\/gov.uscourts.txnd.393003.1.0_1.pdf\" data-event-click=\"{&quot;element&quot;:&quot;ExternalLink&quot;,&quot;outgoingURL&quot;:&quot;https:\/\/storage.courtlistener.com\/recap\/gov.uscourts.txnd.393003\/gov.uscourts.txnd.393003.1.0_1.pdf&quot;}\">afirma la denuncia<\/a>. \u00abPero la acci\u00f3n colectiva entre anunciantes competidores para dictar los est\u00e1ndares de seguridad de marca que deben aplicar las plataformas de redes sociales ataca el proceso competitivo y permite que las opiniones colectivas de un grupo de anunciantes con poder de mercado anulen los intereses de los consumidores\u00bb.<\/p>\n<p> <span id=\"publisher-md\" itemprop=\"publisher\" itemscope itemtype=\"https:\/\/schema.org\/Organization\"> <span itemprop=\"url\" itemtype=\"https:\/\/schema.org\/Url\" content=\"https:\/\/es.digitaltrends.com\"> <span itemprop=\"logo\" itemscope itemtype=\"https:\/\/schema.org\/ImageObject\"> <meta itemprop=\"url\" content=\"https:\/\/cdn.dtcn.com\/dt\/dt-logo-small.png\"> <meta itemprop=\"width\" content=\"0\"> <meta itemprop=\"height\" content=\"0\"> <\/span> <meta itemprop=\"name\" content=\"Digital Trends Espa\u00f1ol\"> <\/span> <span itemprop=\"image\" itemscope itemtype=\"https:\/\/schema.org\/ImageObject\"> <meta itemprop=\"url\" content=\"https:\/\/es.digitaltrends.com\/wp-content\/uploads\/2023\/10\/Captura-web_20-10-2023_104135_r2.erweima.ai_.jpeg?p=1\"> <\/span> <\/span> <\/p>\n","protected":false},"excerpt":{"rendered":"<p>La gente de X est\u00e1 molesta y preocupada por los anunciantes, ya que alegan que hay un boicot publicitario en contra de la plataforma hace mucho tiempo, sobre todo desde que Elon Musk&nbsp;tom\u00f3 las riendas de la compa\u00f1\u00eda. Debido a eso, este martes 6 de agosto X.com present\u00f3 una demanda contra un grupo de importantes [&hellip;]<\/p>\n","protected":false},"author":1,"featured_media":153982,"comment_status":"closed","ping_status":"closed","sticky":false,"template":"","format":"standard","meta":[],"categories":[26],"tags":[],"_links":{"self":[{"href":"http:\/\/cordobadirecto.com\/index.php\/wp-json\/wp\/v2\/posts\/153981"}],"collection":[{"href":"http:\/\/cordobadirecto.com\/index.php\/wp-json\/wp\/v2\/posts"}],"about":[{"href":"http:\/\/cordobadirecto.com\/index.php\/wp-json\/wp\/v2\/types\/post"}],"author":[{"embeddable":true,"href":"http:\/\/cordobadirecto.com\/index.php\/wp-json\/wp\/v2\/users\/1"}],"replies":[{"embeddable":true,"href":"http:\/\/cordobadirecto.com\/index.php\/wp-json\/wp\/v2\/comments?post=153981"}],"version-history":[{"count":0,"href":"http:\/\/cordobadirecto.com\/index.php\/wp-json\/wp\/v2\/posts\/153981\/revisions"}],"wp:featuredmedia":[{"embeddable":true,"href":"http:\/\/cordobadirecto.com\/index.php\/wp-json\/wp\/v2\/media\/153982"}],"wp:attachment":[{"href":"http:\/\/cordobadirecto.com\/index.php\/wp-json\/wp\/v2\/media?parent=153981"}],"wp:term":[{"taxonomy":"category","embeddable":true,"href":"http:\/\/cordobadirecto.com\/index.php\/wp-json\/wp\/v2\/categories?post=153981"},{"taxonomy":"post_tag","embeddable":true,"href":"http:\/\/cordobadirecto.com\/index.php\/wp-json\/wp\/v2\/tags?post=153981"}],"curies":[{"name":"wp","href":"https:\/\/api.w.org\/{rel}","templated":true}]}}