{"id":154014,"date":"2024-08-07T19:15:21","date_gmt":"2024-08-07T19:15:21","guid":{"rendered":"https:\/\/www.ole.com.ar\/autos\/agustin-canapino-salida-indycar-juncos-estadisticas-mejores-resultados-conflicto_0_VvvyjyNnBS.html"},"modified":"2024-08-07T19:15:21","modified_gmt":"2024-08-07T19:15:21","slug":"canapino-en-indycar-sus-numeros-mejores-resultados-y-un-conflicto-que-fue-el-principio-del-fin","status":"publish","type":"post","link":"http:\/\/cordobadirecto.com\/index.php\/2024\/08\/07\/canapino-en-indycar-sus-numeros-mejores-resultados-y-un-conflicto-que-fue-el-principio-del-fin\/","title":{"rendered":"Canapino en IndyCar: sus n\u00fameros, mejores resultados y un conflicto que fue el principio del fin"},"content":{"rendered":"<p><time class=\"createDate\" datetime=\"2024-08-07T16:15:21-03:00\">07\/08\/2024 16:15hs.<\/time><\/p>\n<div id=\"storyBody\">\n<div class=\"custom-text \" readability=\"43.745098039216\">\n<p>El 19 de enero del 2023 se anunci\u00f3 el arribo de <strong>Agust\u00edn Canapino<\/strong> a la <strong>IndyCar<\/strong>, la categor\u00eda estadounidense de monoplazas. El Tit\u00e1n, cuatro veces campe\u00f3n del TC, no contaba con experiencia en autos de f\u00f3rmula, pero decidi\u00f3 afrontar el desaf\u00edo de igual manera. Ricardo Juncos, jefe de Juncos Hollinger Racing, fue quien le brind\u00f3 la oportunidad de competir en su equipo y, tras una buena primera temporada, el arrecife\u00f1o renov\u00f3 por una m\u00e1s. Sin embargo, el 2024 present\u00f3 un escenario distinto y, en plena competencia, este mi\u00e9rcoles se confirm\u00f3 que el piloto argentino<a href=\"https:\/\/www.ole.com.ar\/tema\/zL885iVyY4.html\" title=\"el arrecife\u00f1o no seguir\u00e1 en la divisional de los Estados Unidos\" alt=\"el arrecife\u00f1o no seguir\u00e1 en la divisional de los Estados Unidos\">&nbsp;<\/a><strong><a href=\"https:\/\/www.ole.com.ar\/tema\/zL885iVyY4.html\" title=\"el arrecife\u00f1o no seguir\u00e1 en la divisional de los Estados Unidos\" alt=\"el arrecife\u00f1o no seguir\u00e1 en la divisional de los Estados Unidos\">no seguir\u00e1 en la divisional<\/a>. <\/strong><\/p>\n<\/div>\n<div class=\"custom-text \" readability=\"37\">\n<p>El desempe\u00f1o del argentino este a\u00f1o no fue el esperado y una serie de acontecimientos que perjudicaron su imagen precipitaron el final. Los rumores exist\u00edan, pero finamente se hizo oficial con un comunicado en las redes sociales del equipo. Tras ello, <strong>Ol\u00e9 <\/strong>repasa c\u00f3mo le fue a Canapino durante su paso por la Indy y cu\u00e1les fueron los principales motivos de su salida.<\/p>\n<\/div>\n<div class=\"custom-text \" readability=\"41\">\n<p>El balance del Tit\u00e1n en 2023 fue positivo, con altos y bajos, claro. Se adapt\u00f3 r\u00e1pido y bien a un auto de otro nivel, con un funcionamiento completamente distinto. No cometi\u00f3 grandes errores, apenas algunos toques con los muros o trompos y alg\u00fan que otro inconveniente con su compa\u00f1ero de equipo, Calum Ilott. Otro aspecto destacado fue que aprendi\u00f3 a hablar ingl\u00e9s casi que en tiempo r\u00e9cord, lo que le permiti\u00f3 mejorar la comunicaci\u00f3n con los ingenieros.<\/p>\n<\/div>\n<div class=\"sc-e7b891c4-0 jPbnQF\"><img alt=\"Juncos anunci\u00f3 que Canapino deja la IndyCar. (@juncoshollinger)\" src=\"http:\/\/cordobadirecto.com\/wp-content\/uploads\/2024\/08\/canapino-en-indycar-sus-numeros-mejores-resultados-y-un-conflicto-que-fue-el-principio-del-fin.jpg\" width=\"720\" height=\"100\" decoding=\"async\" data-nimg=\"future\" loading=\"lazy\"><span class=\"epigraphe\">Juncos anunci\u00f3 que Canapino deja la IndyCar. (@juncoshollinger)<\/span><\/div>\n<div class=\"custom-text \" readability=\"48\">\n<p>Yendo a los n\u00fameros, <strong>el #78 de Juncos cerr\u00f3 su primer campeonato en el puesto 21 de la tabla de posiciones, con un total de 180 unidades<\/strong>, lo que le permiti\u00f3 asegurar el mill\u00f3n de d\u00f3lares que se le otorgaba a los integrantes del Leader&#8217;s Circle (los 22 mejores autos). Su mejor resultado se dio en la 10\u00aa fecha, por el Gran Premio de Toronto, donde <strong>culmin\u00f3 12\u00b0<\/strong>. En tanto, hubo cuatro carreras en las que abandon\u00f3 (Long Beach, Indian\u00e1polis, Nashville y Portland), as\u00ed como varias en las que no consigui\u00f3 resultados similares al que, hasta hoy en d\u00eda, sigue siendo el m\u00e1s alto. En l\u00edneas generales, Canapino redonde\u00f3 un primer a\u00f1o aprobado, siendo el <strong>segundo mejor rookie de la categor\u00eda<\/strong> y asegur\u00e1ndose competir un a\u00f1o m\u00e1s.<\/p>\n<\/div>\n<div class=\"custom-text \" readability=\"42\">\n<p>No obstante, el 2024 le depar\u00f3 una experiencia distinta. Al equipo lleg\u00f3 Romain Grosjean, el franc\u00e9s ex F\u00f3rmula 1 que reemplaz\u00f3 a Illot y form\u00f3 una nueva dupla con Canapino. En total, el argentino <strong>compiti\u00f3 en 11 de las 12 jornadas hasta la fecha, consiguiendo un 12\u00b0 puesto en el callejero de Detroit<\/strong> como su mejor ubicaci\u00f3n (igualando lo conseguido en Toronto 2023). Agust\u00edn finaliza su etapa en el 23\u00b0 lugar en la tabla, con 109 puntos, mientras que Grosjean es 16\u00b0 con 199; lidera Alex Palou (actual campe\u00f3n), con 411.<\/p>\n<\/div>\n<div class=\"sc-e7b891c4-0 jPbnQF\"><img alt=\"El mejor resultado del Tit\u00e1n fue en Toronto, donde termin\u00f3 12\u00b0.\" src=\"http:\/\/cordobadirecto.com\/wp-content\/uploads\/2024\/08\/canapino-en-indycar-sus-numeros-mejores-resultados-y-un-conflicto-que-fue-el-principio-del-fin-1.jpg\" width=\"720\" height=\"100\" decoding=\"async\" data-nimg=\"future\" loading=\"lazy\"><span class=\"epigraphe\">El mejor resultado del Tit\u00e1n fue en Toronto, donde termin\u00f3 12\u00b0.<\/span><\/div>\n<p><h2><strong>La pol\u00e9mica con Pourchaire y el desenlace de la historia<\/strong><\/h2>\n<\/p>\n<div class=\"custom-text \" readability=\"35.217948717949\">\n<p>Sin embargo, no todo fueron los resultados, sino que lo que m\u00e1s da\u00f1o le hizo a Canapino en su ilusi\u00f3n por mantenerse en la categor\u00eda fue el incidente con el piloto Theo Pourchaire, con quien sufri\u00f3 un toque de carrera en Detroit. Agust\u00edn tuvo un chispazo por haber insultado por radio al franc\u00e9s, lo que <strong><a href=\"https:\/\/www.ole.com.ar\/tema\/PId1tHa6mN.html\" title=\"derivo en que fan\u00e1ticos argentinos insultaran por las redes al piloto rival\" alt=\"derivo en que fan\u00e1ticos argentinos insultaran por las redes al piloto rival\">deriv\u00f3 en que fan\u00e1ticos argentinos insultaran por las redes al piloto rival<\/a><\/strong>. Esa situaci\u00f3n, ya vivida en el 2023 con Ilott, motiv\u00f3 que la IndyCar y el ambiente censurara esa actitud agresiva y una fecha de parate para el argentino. <\/p>\n<\/div>\n<div class=\"sc-e7b891c4-0 jPbnQF\"><img alt=\"La pol\u00e9mica de Canapino que desat\u00f3 en su salida de la IndyCar.\" src=\"http:\/\/cordobadirecto.com\/wp-content\/uploads\/2024\/08\/canapino-en-indycar-sus-numeros-mejores-resultados-y-un-conflicto-que-fue-el-principio-del-fin-2.jpg\" width=\"720\" height=\"100\" decoding=\"async\" data-nimg=\"future\" loading=\"lazy\"><span class=\"epigraphe\">La pol\u00e9mica de Canapino que desat\u00f3 en su salida de la IndyCar.<\/span><\/div>\n<div class=\"custom-text \" readability=\"44\">\n<p>Tras ello, el equipo desarroll\u00f3 una jornada de ensayos en St. Louis con Grosjean, ya ex compa\u00f1ero de Canapino, y <strong>Conor Daly<\/strong>, piloto estadounidense hijo del irland\u00e9s Derek Daly, expiloto de F\u00f3rmula 1, que se subi\u00f3 al coche 78 que sol\u00eda manejar el Tit\u00e1n, anunciando lo que se iba a terminar confirmando m\u00e1s adelante: ciclo cumplido. Asimismo, para esta temporada perdi\u00f3 el apoyo econ\u00f3mico de Visit Argentina, debido al cambio de gobierno en el pa\u00eds. <\/p>\n<\/div>\n<div class=\"custom-text \" readability=\"36\">\n<p>De esta manera, la historia marcar\u00e1 que la \u00faltima presentaci\u00f3n del Tit\u00e1n en la categor\u00eda estadounidense se dio el <strong>21 de julio en el callejero de Toronto<\/strong>, cuando debi\u00f3 abandonar tras un roce con Scott Dixon apenas en el quinto giro de la prueba. <\/p>\n<\/div>\n<div class=\"sc-a7166897-0 exHLBh\" readability=\"6\">\n<section readability=\"2\"><picture><img alt=\"Bomba: Agust\u00edn Canapino deja la IndyCar\" src=\"http:\/\/cordobadirecto.com\/wp-content\/uploads\/2024\/08\/canapino-en-indycar-sus-numeros-mejores-resultados-y-un-conflicto-que-fue-el-principio-del-fin-3.jpg\" width=\"290\" height=\"290\" decoding=\"async\" data-nimg=\"future\" loading=\"lazy\"><\/picture>\n<p><span>Mir\u00e1 tambi\u00e9n<\/span><\/p>\n<hr>\n<h3>Bomba: Agust\u00edn Canapino deja la IndyCar<\/h3>\n<\/p>\n<\/section>\n<\/div>\n<div class=\"sc-a7166897-0 exHLBh\" readability=\"6\">\n<section readability=\"2\"><picture><img alt=\"El piloto argentino que sue\u00f1a con sumarse a la IndyCar\" src=\"http:\/\/cordobadirecto.com\/wp-content\/uploads\/2024\/08\/canapino-en-indycar-sus-numeros-mejores-resultados-y-un-conflicto-que-fue-el-principio-del-fin-4.jpg\" width=\"290\" height=\"290\" decoding=\"async\" data-nimg=\"future\" loading=\"lazy\"><\/picture>\n<p><span>Mir\u00e1 tambi\u00e9n<\/span><\/p>\n<hr>\n<h3>El piloto argentino que sue\u00f1a con sumarse a la IndyCar<\/h3>\n<\/p>\n<\/section>\n<\/div>\n<div class=\"sc-a7166897-0 exHLBh\" readability=\"6\">\n<section readability=\"2\"><picture><img alt=\"El MotoGP regresar\u00e1 a Argentina en 2025\" src=\"http:\/\/cordobadirecto.com\/wp-content\/uploads\/2024\/08\/canapino-en-indycar-sus-numeros-mejores-resultados-y-un-conflicto-que-fue-el-principio-del-fin-5.jpg\" width=\"290\" height=\"290\" decoding=\"async\" data-nimg=\"future\" loading=\"lazy\"><\/picture>\n<p><span>Mir\u00e1 tambi\u00e9n<\/span><\/p>\n<hr>\n<h3>El MotoGP regresar\u00e1 a Argentina en 2025<\/h3>\n<\/p>\n<\/section>\n<\/div>\n<div class=\"sc-a7166897-0 exHLBh\" readability=\"7\">\n<section readability=\"4\"><picture><img alt=\"Con un nuevo confirmado, \u00bfc\u00f3mo qued\u00f3 la parrilla de la F1 y qu\u00e9 asientos hay libres?\" src=\"http:\/\/cordobadirecto.com\/wp-content\/uploads\/2024\/08\/canapino-en-indycar-sus-numeros-mejores-resultados-y-un-conflicto-que-fue-el-principio-del-fin-6.jpg\" width=\"290\" height=\"290\" decoding=\"async\" data-nimg=\"future\" loading=\"lazy\"><\/picture>\n<p><span>Mir\u00e1 tambi\u00e9n<\/span><\/p>\n<hr>\n<h3>Con un nuevo confirmado, \u00bfc\u00f3mo qued\u00f3 la parrilla de la F1 y qu\u00e9 asientos hay libres?<\/h3>\n<\/p>\n<\/section>\n<\/div>\n<\/div>\n","protected":false},"excerpt":{"rendered":"<p>07\/08\/2024 16:15hs. El 19 de enero del 2023 se anunci\u00f3 el arribo de Agust\u00edn Canapino a la IndyCar, la categor\u00eda estadounidense de monoplazas. El Tit\u00e1n, cuatro veces campe\u00f3n del TC, no contaba con experiencia en autos de f\u00f3rmula, pero decidi\u00f3 afrontar el desaf\u00edo de igual manera. Ricardo Juncos, jefe de Juncos Hollinger Racing, fue quien [&hellip;]<\/p>\n","protected":false},"author":1,"featured_media":154015,"comment_status":"closed","ping_status":"closed","sticky":false,"template":"","format":"standard","meta":[],"categories":[21],"tags":[],"_links":{"self":[{"href":"http:\/\/cordobadirecto.com\/index.php\/wp-json\/wp\/v2\/posts\/154014"}],"collection":[{"href":"http:\/\/cordobadirecto.com\/index.php\/wp-json\/wp\/v2\/posts"}],"about":[{"href":"http:\/\/cordobadirecto.com\/index.php\/wp-json\/wp\/v2\/types\/post"}],"author":[{"embeddable":true,"href":"http:\/\/cordobadirecto.com\/index.php\/wp-json\/wp\/v2\/users\/1"}],"replies":[{"embeddable":true,"href":"http:\/\/cordobadirecto.com\/index.php\/wp-json\/wp\/v2\/comments?post=154014"}],"version-history":[{"count":0,"href":"http:\/\/cordobadirecto.com\/index.php\/wp-json\/wp\/v2\/posts\/154014\/revisions"}],"wp:featuredmedia":[{"embeddable":true,"href":"http:\/\/cordobadirecto.com\/index.php\/wp-json\/wp\/v2\/media\/154015"}],"wp:attachment":[{"href":"http:\/\/cordobadirecto.com\/index.php\/wp-json\/wp\/v2\/media?parent=154014"}],"wp:term":[{"taxonomy":"category","embeddable":true,"href":"http:\/\/cordobadirecto.com\/index.php\/wp-json\/wp\/v2\/categories?post=154014"},{"taxonomy":"post_tag","embeddable":true,"href":"http:\/\/cordobadirecto.com\/index.php\/wp-json\/wp\/v2\/tags?post=154014"}],"curies":[{"name":"wp","href":"https:\/\/api.w.org\/{rel}","templated":true}]}}