{"id":154016,"date":"2024-08-07T17:02:38","date_gmt":"2024-08-07T17:02:38","guid":{"rendered":"https:\/\/www.ole.com.ar\/autos\/agustin-canapino-correra-indycar-2024_0_zL885iVyY4.html"},"modified":"2024-08-07T17:02:38","modified_gmt":"2024-08-07T17:02:38","slug":"bomba-agustin-canapino-deja-la-indycar","status":"publish","type":"post","link":"http:\/\/cordobadirecto.com\/index.php\/2024\/08\/07\/bomba-agustin-canapino-deja-la-indycar\/","title":{"rendered":"Bomba: Agust\u00edn Canapino deja la IndyCar"},"content":{"rendered":"<p><time class=\"createDate\" datetime=\"2024-08-07T14:02:38-03:00\">07\/08\/2024 14:02hs.<\/time><time class=\"modificatedDate\" datetime=\"2024-08-07T14:35:54-03:00\"> Actualizado al 07\/08\/2024 14:35hs.<\/time><\/p>\n<div id=\"storyBody\">\n<div class=\"custom-text \" readability=\"32.8\">\n<p>Una noticia estall\u00f3 como una bomba este mi\u00e9rcoles en el automovilismo argentino: <strong><a href=\"https:\/\/www.ole.com.ar\/tema\/agustin-canapino.html\" title=\"Agust\u00edn Canapino\" alt=\"Agust\u00edn Canapino\" class=\"slug\">Agust\u00edn Canapino<\/a><\/strong> no correr\u00e1 m\u00e1s este a\u00f1o en la <strong><a href=\"https:\/\/www.ole.com.ar\/tema\/indycar.html\" title=\"Indycar\" alt=\"Indycar\" class=\"slug\">IndyCar<\/a><\/strong>. As\u00ed lo inform\u00f3 el Juncos Hollinger Racing, equipo para el que corr\u00eda el piloto, en un escueto comunicado de este mi\u00e9rcoles.<\/p>\n<\/div>\n<p><h2>El comunicado de Canapino y el Junco Hollinger Racing<\/h2>\n<\/p>\n<div class=\"custom-text \" readability=\"36\">\n<p>&#8220;Juncos Holliner Racing y Agust\u00edn Canapino, piloto del Chevrolet Dallara #78 comunican que, por mutuo acuerdo, concluye su participaci\u00f3n en la temporada 2024 de la NTT INDYCAR SERIES&#8221;.<\/p>\n<\/div>\n<div class=\"sc-e7b891c4-0 jPbnQF\"><img alt=\"Ricardo Juncos y Canapino, ya separados.\" src=\"http:\/\/cordobadirecto.com\/wp-content\/uploads\/2024\/08\/bomba-agustin-canapino-deja-la-indycar.jpg\" width=\"720\" height=\"100\" decoding=\"async\" data-nimg=\"future\" loading=\"lazy\"><span class=\"epigraphe\">Ricardo Juncos y Canapino, ya separados.<\/span><\/div>\n<div class=\"custom-text \" readability=\"38\">\n<p>&#8220;Queremos expresar nuestro sincero agradecimiento a Agust\u00edn por dar el salto a una de las categor\u00edas m\u00e1s r\u00e1pidas y competitivas del mundo, confiando en JHR y en todo lo que esta serie representa. Tanto Agust\u00edn como el equipo han trabajado con dedicaci\u00f3n para aprender, crecer y alcanzar el \u00e9xito durante su tiempo con JHR, y estamos sumamente orgullosos de lo que hemos logrado juntos&#8221;.<\/p>\n<\/div>\n<div class=\"custom-text \" readability=\"33\">\n<p>&#8220;Le deseamos lo mejor en su carrera automovil\u00edstica y esperamos reencontrarnos en futuros proyectos&#8221;.<\/p>\n<\/div>\n<p><h2>El Tit\u00e1n en la IndyCar del 2024<\/h2>\n<\/p>\n<div class=\"custom-text \" readability=\"37.526315789474\">\n<p>La \u00faltima presentaci\u00f3n de Canapino en la categor\u00eda estadounidense fue en Canad\u00e1, en el callejero de Toronto, el 21 de julio <a href=\"https:\/\/www.ole.com.ar\/autos\/agustin-canapino-indycar-carrera-toronto-hoy-vivo-hora-horario-ver-choque_0_Xn4lD8DRLU.html\" target=\"_self\" title=\"cuando el arrecife\u00f1o debi\u00f3 abandonar tras un roce con Scott Dixon apenas en el quinto giro de la prueba\" alt=\"cuando el arrecife\u00f1o debi\u00f3 abandonar tras un roce con Scott Dixon apenas en el quinto giro de la prueba\" rel=\"noopener\">cuando el arrecife\u00f1o debi\u00f3 abandonar tras un roce con Scott Dixon apenas en el quinto giro de la prueba<\/a>. Luego de ello, el 1\u00b0 de agosto, el equipo desarroll\u00f3 una jornada de ensayos en el Gateway Motorsports Park de Madison, en St. Louis, con Romain Grosjean, ya hoy ex compa\u00f1ero de Canapino, y <strong>Conor Daly<\/strong>, piloto estadounidense hijo del irland\u00e9s Derek Daly, expiloto de F\u00f3rmula 1, que se subi\u00f3 al coche 78 que sol\u00eda manejar el Tit\u00e1n<\/p>\n<\/div>\n<div class=\"sc-e7b891c4-0 jPbnQF\"><img alt=\"Agust\u00edn Canapino y el 78 que deja.\" src=\"http:\/\/cordobadirecto.com\/wp-content\/uploads\/2024\/08\/bomba-agustin-canapino-deja-la-indycar-1.jpg\" width=\"720\" height=\"100\" decoding=\"async\" data-nimg=\"future\" loading=\"lazy\"><span class=\"epigraphe\">Agust\u00edn Canapino y el 78 que deja.<\/span><\/div>\n<div class=\"custom-text \" readability=\"41\">\n<p>El desempe\u00f1o del argentino esta temporada<strong> no fue el esperado, quiz\u00e1, ya habiendo sumado un a\u00f1o de aclimataci\u00f3n en el 2023<\/strong>. Canapino compiti\u00f3 en 11 de las 12 fechas hasta ahora, consiguiendo un 12\u00b0 puesto en el callejero de Detroit como su mejor ubicaci\u00f3n. Agust\u00edn es 23\u00b0 en las posiciones, con 109 puntos, mientras que Grosjean es 16\u00b0 con 199; lidera Alex Palou, con 411.<\/p>\n<\/div>\n<div type=\"embed\" class=\"sc-3f46f5ae-0 djVTgz\">\n<div class=\"sc-3f46f5ae-1 fTjZec videoText\" id=\"contentTitleembedgPeAH4jJ\" type=\"embed\"><svg fill=\"#ffffff\"><symbol id=\"play\" viewBox=\"0 0 512 512\"><path d=\"M512 256C512 397.4 397.4 512 256 512C114.6 512 0 397.4 0 256C0 114.6 114.6 0 256 0C397.4 0 512 114.6 512 256zM176 168V344C176 352.7 180.7 360.7 188.3 364.9C195.8 369.2 205.1 369 212.5 364.5L356.5 276.5C363.6 272.1 368 264.4 368 256C368 247.6 363.6 239.9 356.5 235.5L212.5 147.5C205.1 142.1 195.8 142.8 188.3 147.1C180.7 151.3 176 159.3 176 168V168z\" \/><\/symbol><use xlink:href=\"#play\" \/><\/svg><\/p>\n<div class=\"right\">\n<p>Agust\u00edn Canapino<!-- --> &#8211;<!-- --> <span>&nbsp;<\/span><\/p>\n<h2 class=\"title-vid\">Agust\u00edn Canapino choc\u00f3 en el arranque de la carrera en Toronto<\/h2>\n<\/div>\n<\/div>\n<p><span class=\"back\" id=\"spanBackembedgPeAH4jJ\"><\/span><\/div>\n<div class=\"custom-text \" readability=\"43\">\n<p>Sin embargo, lo que m\u00e1s da\u00f1o le hizo a Canapino en su ilusi\u00f3n por mantenerse en la categor\u00eda fue el incidente generado con el piloto <strong>Theo Pourchaire<\/strong>, con quien Canapino sufri\u00f3 un toque de carrera en Detroit, donde ambos tuvieron un chispazo con Agust\u00edn y Juncos insultando por radio al franc\u00e9s, comunicaci\u00f3n que, adem\u00e1s, derivo en que fan\u00e1ticos argentinos insultaran por las redes al franc\u00e9s. Esa situaci\u00f3n, ya vivida en el 2023 con un ex compa\u00f1ero de Canapino. <strong>Callum Ilott<\/strong>, motiv\u00f3 que la IndyCar y el ambiente censurara esa actitud agresiva y hasta una fecha de parate para el argentino.<\/p>\n<\/div>\n<div class=\"sc-e7b891c4-0 jPbnQF\"><img alt=\"Agust\u00edn Canapino corri\u00f3 el a\u00f1o pasado el final del TC.\" src=\"http:\/\/cordobadirecto.com\/wp-content\/uploads\/2024\/08\/bomba-agustin-canapino-deja-la-indycar-2.jpg\" width=\"720\" height=\"100\" decoding=\"async\" data-nimg=\"future\" loading=\"lazy\"><span class=\"epigraphe\">Agust\u00edn Canapino corri\u00f3 el a\u00f1o pasado el final del TC.<\/span><\/div>\n<div class=\"custom-text \" readability=\"35\">\n<p>Desde ya, menos ayud\u00f3 que <strong>desde el Gobierno argentino se le sacara el apoyo econ\u00f3mico <\/strong>que el Tit\u00e1n hab\u00eda recibido en el 2023 a partir de Turismo. En el auto del bonaerense luc\u00eda la frase &#8220;Visit Argentina&#8221;. Ahora no ser\u00e1 necesaria&#8230;<\/p>\n<\/div>\n<p><h2>\u00bfY ahora Agust\u00edn? TC<\/h2>\n<\/p>\n<div class=\"custom-text \" readability=\"42\">\n<p>Ahora, todo indica que <strong>el Tit\u00e1n volver\u00e1 al TC<\/strong>, categor\u00eda en la que suma cuatro t\u00edtulos (2010, 2017, 2018 y 2019) y 15 victorias. Lo har\u00eda en un Chevrolet ya en la d\u00e9cima fecha del torneo,<strong> justo en el G\u00e1lvez de Buenos Aires, el 17 y 18 de agosto<\/strong>. tambi\u00e9n habr\u00eda conversaciones para que luego ya sea parte estable del parque tece\u00edsta sobre un Chevrolet Camaro, una de las marcas de nueva generaci\u00f3n. <\/p>\n<\/div>\n<div class=\"sc-a7166897-0 exHLBh\" readability=\"6.5\">\n<section readability=\"3\"><picture><img alt=\"Lewis Hamilton, \u00bfde la F\u00f3rmula 1 a los Juegos Ol\u00edmpicos?\" src=\"http:\/\/cordobadirecto.com\/wp-content\/uploads\/2024\/08\/bomba-agustin-canapino-deja-la-indycar-3.jpg\" width=\"290\" height=\"290\" decoding=\"async\" data-nimg=\"future\" loading=\"lazy\"><\/picture>\n<p><span>Mir\u00e1 tambi\u00e9n<\/span><\/p>\n<hr>\n<h3>Lewis Hamilton, \u00bfde la F\u00f3rmula 1 a los Juegos Ol\u00edmpicos?<\/h3>\n<\/p>\n<\/section>\n<\/div>\n<div class=\"sc-a7166897-0 exHLBh\" readability=\"6\">\n<section readability=\"2\"><picture><img alt=\"Video: los autitos robot que causan furor en los Juegos Ol\u00edmpicos\" src=\"http:\/\/cordobadirecto.com\/wp-content\/uploads\/2024\/08\/bomba-agustin-canapino-deja-la-indycar-4.jpg\" width=\"290\" height=\"290\" decoding=\"async\" data-nimg=\"future\" loading=\"lazy\"><\/picture>\n<p><span>Mir\u00e1 tambi\u00e9n<\/span><\/p>\n<hr>\n<h3>Video: los autitos robot que causan furor en los Juegos Ol\u00edmpicos<\/h3>\n<\/p>\n<\/section>\n<\/div>\n<div class=\"sc-a7166897-0 exHLBh\" readability=\"6.5\">\n<section readability=\"3\"><picture><img alt=\"Automovilismo y la vez que form\u00f3 parte de unos Juegos Ol\u00edmpicos: \u00bfdond\u00e9 y en qu\u00e9 a\u00f1o fue?\" src=\"http:\/\/cordobadirecto.com\/wp-content\/uploads\/2024\/08\/bomba-agustin-canapino-deja-la-indycar-5.jpg\" width=\"290\" height=\"290\" decoding=\"async\" data-nimg=\"future\" loading=\"lazy\"><\/picture>\n<p><span>Mir\u00e1 tambi\u00e9n<\/span><\/p>\n<hr>\n<h3>Automovilismo y la vez que form\u00f3 parte de unos Juegos Ol\u00edmpicos: \u00bfdond\u00e9 y en qu\u00e9 a\u00f1o fue?<\/h3>\n<\/p>\n<\/section>\n<\/div>\n<\/div>\n","protected":false},"excerpt":{"rendered":"<p>07\/08\/2024 14:02hs. Actualizado al 07\/08\/2024 14:35hs. Una noticia estall\u00f3 como una bomba este mi\u00e9rcoles en el automovilismo argentino: Agust\u00edn Canapino no correr\u00e1 m\u00e1s este a\u00f1o en la IndyCar. As\u00ed lo inform\u00f3 el Juncos Hollinger Racing, equipo para el que corr\u00eda el piloto, en un escueto comunicado de este mi\u00e9rcoles. El comunicado de Canapino y el [&hellip;]<\/p>\n","protected":false},"author":1,"featured_media":154017,"comment_status":"closed","ping_status":"closed","sticky":false,"template":"","format":"standard","meta":[],"categories":[21],"tags":[],"_links":{"self":[{"href":"http:\/\/cordobadirecto.com\/index.php\/wp-json\/wp\/v2\/posts\/154016"}],"collection":[{"href":"http:\/\/cordobadirecto.com\/index.php\/wp-json\/wp\/v2\/posts"}],"about":[{"href":"http:\/\/cordobadirecto.com\/index.php\/wp-json\/wp\/v2\/types\/post"}],"author":[{"embeddable":true,"href":"http:\/\/cordobadirecto.com\/index.php\/wp-json\/wp\/v2\/users\/1"}],"replies":[{"embeddable":true,"href":"http:\/\/cordobadirecto.com\/index.php\/wp-json\/wp\/v2\/comments?post=154016"}],"version-history":[{"count":0,"href":"http:\/\/cordobadirecto.com\/index.php\/wp-json\/wp\/v2\/posts\/154016\/revisions"}],"wp:featuredmedia":[{"embeddable":true,"href":"http:\/\/cordobadirecto.com\/index.php\/wp-json\/wp\/v2\/media\/154017"}],"wp:attachment":[{"href":"http:\/\/cordobadirecto.com\/index.php\/wp-json\/wp\/v2\/media?parent=154016"}],"wp:term":[{"taxonomy":"category","embeddable":true,"href":"http:\/\/cordobadirecto.com\/index.php\/wp-json\/wp\/v2\/categories?post=154016"},{"taxonomy":"post_tag","embeddable":true,"href":"http:\/\/cordobadirecto.com\/index.php\/wp-json\/wp\/v2\/tags?post=154016"}],"curies":[{"name":"wp","href":"https:\/\/api.w.org\/{rel}","templated":true}]}}