{"id":154026,"date":"2024-08-07T22:11:27","date_gmt":"2024-08-07T22:11:27","guid":{"rendered":"https:\/\/cordoba.gob.ar\/?p=60179"},"modified":"2024-08-07T22:11:27","modified_gmt":"2024-08-07T22:11:27","slug":"ultima-semana-de-inscripciones-para-el-iii-congreso-de-participacion-ciudadana-y-descentralizacion","status":"publish","type":"post","link":"http:\/\/cordobadirecto.com\/index.php\/2024\/08\/07\/ultima-semana-de-inscripciones-para-el-iii-congreso-de-participacion-ciudadana-y-descentralizacion\/","title":{"rendered":"\u00daltima semana de inscripciones para el III Congreso de Participaci\u00f3n Ciudadana y Descentralizaci\u00f3n"},"content":{"rendered":"<div><img src=\"http:\/\/cordobadirecto.com\/wp-content\/uploads\/2024\/08\/ultima-semana-de-inscripciones-para-el-iii-congreso-de-participacion-ciudadana-y-descentralizacion.jpg\" class=\"ff-og-image-inserted\"><\/div>\n<ul>\n<li><strong><strong>Ser\u00e1 el 12, 13 y 14 de agosto en el Centro Cultural C\u00f3rdoba y el Museo Metropolitano de Arte Urbano.<\/strong><\/strong><br \/>\n<hr>\n<\/li>\n<\/ul>\n<p>La ciudad se encuentra pr\u00f3xima a vivir el III Congreso de Participaci\u00f3n Ciudadana y Descentralizaci\u00f3n, una propuesta de la Municipalidad de C\u00f3rdoba para intercambiar experiencias y escuchar a profesionales de la relaci\u00f3n ciudadano-Estado.<\/p>\n<p>Las inscripciones est\u00e1n abiertas hasta el 12 de agosto en este <a href=\"https:\/\/forms.gle\/hF5BTeeUecPJxEyj8\">enlace<\/a>.<\/p>\n<p>Ser\u00e1 un evento gratuito, que el municipio acerca a los vecinos a trav\u00e9s de la Secretar\u00eda de Participaci\u00f3n Ciudadana y Juventud, en el que habr\u00e1 debates y talleres bajo la consigna \u201cMil ideas para transformar C\u00f3rdoba\u201d.<\/p>\n<p>La sede principal ser\u00e1 el Centro Cultural C\u00f3rdoba, aunque tambi\u00e9n habr\u00e1 actividad en el Museo Metropolitano de Arte Urbano, bajo la Plaza Espa\u00f1a.<\/p>\n<p>Durante los \u00faltimos d\u00edas, instituciones de los barrios se reunieron en cuatro pre-congresos para debatir sobre las situaciones que atraviesan y poner en com\u00fan tem\u00e1ticas compartidas, que ser\u00e1n tratadas durante el congreso.<\/p>\n<p>El cronograma completo y m\u00e1s informaci\u00f3n se puede consultar <a href=\"https:\/\/yoparticipo.cordoba.gob.ar\/\">ac\u00e1<\/a>.<\/p>\n<p><strong>Tres ejes para dialogar en el Congreso<\/strong><\/p>\n<p>Esta tercera edici\u00f3n de la ya exitosa propuesta del municipio tendr\u00e1 disertantes de distintas partes del pa\u00eds y del mundo.<\/p>\n<p>Tendr\u00e1 tres conceptos principales sobre los que se establecer\u00e1n las diferentes charlas:<\/p>\n<ul class=\"ak-ul\">\n<li>El poder de la participaci\u00f3n ciudadana para la construcci\u00f3n de comunidad y buenas pr\u00e1cticas globales<\/li>\n<li>Ciudadan\u00eda y gobierno en la era digital: Tecnolog\u00eda e inteligencia artificial<\/li>\n<li>Modelos comparados y nuevas din\u00e1micas en representaci\u00f3n pol\u00edtica, descentralizaci\u00f3n y participaci\u00f3n<\/li>\n<\/ul>\n","protected":false},"excerpt":{"rendered":"<p>Ser\u00e1 el 12, 13 y 14 de agosto en el Centro Cultural C\u00f3rdoba y el Museo Metropolitano de Arte Urbano. La ciudad se encuentra pr\u00f3xima a vivir el III Congreso de Participaci\u00f3n Ciudadana y Descentralizaci\u00f3n, una propuesta de la Municipalidad de C\u00f3rdoba para intercambiar experiencias y escuchar a profesionales de la relaci\u00f3n ciudadano-Estado. Las inscripciones [&hellip;]<\/p>\n","protected":false},"author":1,"featured_media":154027,"comment_status":"closed","ping_status":"closed","sticky":false,"template":"","format":"standard","meta":[],"categories":[44],"tags":[],"_links":{"self":[{"href":"http:\/\/cordobadirecto.com\/index.php\/wp-json\/wp\/v2\/posts\/154026"}],"collection":[{"href":"http:\/\/cordobadirecto.com\/index.php\/wp-json\/wp\/v2\/posts"}],"about":[{"href":"http:\/\/cordobadirecto.com\/index.php\/wp-json\/wp\/v2\/types\/post"}],"author":[{"embeddable":true,"href":"http:\/\/cordobadirecto.com\/index.php\/wp-json\/wp\/v2\/users\/1"}],"replies":[{"embeddable":true,"href":"http:\/\/cordobadirecto.com\/index.php\/wp-json\/wp\/v2\/comments?post=154026"}],"version-history":[{"count":0,"href":"http:\/\/cordobadirecto.com\/index.php\/wp-json\/wp\/v2\/posts\/154026\/revisions"}],"wp:featuredmedia":[{"embeddable":true,"href":"http:\/\/cordobadirecto.com\/index.php\/wp-json\/wp\/v2\/media\/154027"}],"wp:attachment":[{"href":"http:\/\/cordobadirecto.com\/index.php\/wp-json\/wp\/v2\/media?parent=154026"}],"wp:term":[{"taxonomy":"category","embeddable":true,"href":"http:\/\/cordobadirecto.com\/index.php\/wp-json\/wp\/v2\/categories?post=154026"},{"taxonomy":"post_tag","embeddable":true,"href":"http:\/\/cordobadirecto.com\/index.php\/wp-json\/wp\/v2\/tags?post=154026"}],"curies":[{"name":"wp","href":"https:\/\/api.w.org\/{rel}","templated":true}]}}