{"id":15405,"date":"2021-08-24T22:26:40","date_gmt":"2021-08-24T22:26:40","guid":{"rendered":"http:\/\/cordobadirecto.com\/index.php\/2021\/08\/24\/mirtha-legrand-regresa-a-la-tv-el-sabado-nos-volvemos-a-encontrar\/"},"modified":"2021-08-24T22:26:40","modified_gmt":"2021-08-24T22:26:40","slug":"mirtha-legrand-regresa-a-la-tv-el-sabado-nos-volvemos-a-encontrar","status":"publish","type":"post","link":"http:\/\/cordobadirecto.com\/index.php\/2021\/08\/24\/mirtha-legrand-regresa-a-la-tv-el-sabado-nos-volvemos-a-encontrar\/","title":{"rendered":"Mirtha Legrand regresa a la TV: el s\u00e1bado &#8220;nos volvemos a encontrar&#8221;"},"content":{"rendered":"<div class=\"image\" id=\"image\" readability=\"7\"> <img src=\"http:\/\/cordobadirecto.com\/wp-content\/uploads\/2021\/08\/mirtha-legrand-regresa-a-la-tv-el-sabado-nos-volvemos-a-encontrar.jpg\" alt=\"Su regreso a la TV ser\u00e1 este s\u00e1bado por \u00fanica vez.\" title=\"Su regreso a la TV ser\u00e1 este s\u00e1bado por \u00fanica vez.\"><\/p>\n<p>Su regreso a la TV ser\u00e1 este s\u00e1bado por \u00fanica vez.<\/p>\n<\/div>\n<p>Mirtha Legrand regresar\u00e1 el s\u00e1bado por \u00fanica vez -por ahora- a la versi\u00f3n nocturna de sus encuentros gastron\u00f3mico-period\u00edsticos que televisa eltrece para ocupar el lugar de su nieta Juana Viale, que la reemplaza presidiendo la mesa desde que se conoci\u00f3 el inicio de las restricciones sanitarias en el pa\u00eds debido a la pandemia de coronavirus.<\/p>\n<p>\u201cMi adorada nieta Juana me reemplaz\u00f3, ahora por su cuarentena yo la reemplazo a ella. Una noche especial donde nos volvemos a encontrar. \u00a1Los espero!\u201d, anunci\u00f3 Mirtha a trav\u00e9s de sus redes sociales.<\/p>\n<p>Y para despejar cualquier otra especulaci\u00f3n, la animadora y artista, de 94 a\u00f1os, especific\u00f3 que \u201char\u00e9 solo el programa de este s\u00e1bado a las 21.30. El s\u00e1bado 4 de septiembre retoma Juana con los programas, y m\u00e1s adelante veremos\u201d.<\/p>\n<p>Desde la productora StoryLab, de otro de sus nietos, Nacho Viale, se\u00f1alaron que en los pr\u00f3ximos d\u00edas se conocer\u00e1n los especiales invitados para esta vuelta de Legrand quien desde marzo de 2020 solamente particip\u00f3 de una velada especial de fin de a\u00f1o en diciembre \u00faltimo de &#8220;La noche de Mirtha Legrand&#8221;, junto a su hija Marcela Tinayre y la propia Juana.<\/p>\n<p>\u201cAnte la cuarentena estricta que debe cumplir Juana Viale luego de regresar del exterior, la productora StoryLab confirma que Mirtha Legrand decidi\u00f3 volver a su emblem\u00e1tica mesaza\u201d, se\u00f1al\u00f3 un comunicado de la empresa, a la vez que el nieto de la diva poste\u00f3 en Twitter: \u201cNoche especial, por este s\u00e1bado, vuelve #mirtha\u201d.<\/p>\n","protected":false},"excerpt":{"rendered":"<p>Su regreso a la TV ser\u00e1 este s\u00e1bado por \u00fanica vez. Mirtha Legrand regresar\u00e1 el s\u00e1bado por \u00fanica vez -por ahora- a la versi\u00f3n nocturna de sus encuentros gastron\u00f3mico-period\u00edsticos que televisa eltrece para ocupar el lugar de su nieta Juana Viale, que la reemplaza presidiendo la mesa desde que se conoci\u00f3 el inicio de las [&hellip;]<\/p>\n","protected":false},"author":1,"featured_media":15406,"comment_status":"closed","ping_status":"closed","sticky":false,"template":"","format":"standard","meta":[],"categories":[20],"tags":[],"_links":{"self":[{"href":"http:\/\/cordobadirecto.com\/index.php\/wp-json\/wp\/v2\/posts\/15405"}],"collection":[{"href":"http:\/\/cordobadirecto.com\/index.php\/wp-json\/wp\/v2\/posts"}],"about":[{"href":"http:\/\/cordobadirecto.com\/index.php\/wp-json\/wp\/v2\/types\/post"}],"author":[{"embeddable":true,"href":"http:\/\/cordobadirecto.com\/index.php\/wp-json\/wp\/v2\/users\/1"}],"replies":[{"embeddable":true,"href":"http:\/\/cordobadirecto.com\/index.php\/wp-json\/wp\/v2\/comments?post=15405"}],"version-history":[{"count":0,"href":"http:\/\/cordobadirecto.com\/index.php\/wp-json\/wp\/v2\/posts\/15405\/revisions"}],"wp:featuredmedia":[{"embeddable":true,"href":"http:\/\/cordobadirecto.com\/index.php\/wp-json\/wp\/v2\/media\/15406"}],"wp:attachment":[{"href":"http:\/\/cordobadirecto.com\/index.php\/wp-json\/wp\/v2\/media?parent=15405"}],"wp:term":[{"taxonomy":"category","embeddable":true,"href":"http:\/\/cordobadirecto.com\/index.php\/wp-json\/wp\/v2\/categories?post=15405"},{"taxonomy":"post_tag","embeddable":true,"href":"http:\/\/cordobadirecto.com\/index.php\/wp-json\/wp\/v2\/tags?post=15405"}],"curies":[{"name":"wp","href":"https:\/\/api.w.org\/{rel}","templated":true}]}}